{"id":1004,"date":"2022-03-14T20:11:29","date_gmt":"2022-03-14T19:11:29","guid":{"rendered":"https:\/\/medienvielfalt.net\/?p=1004"},"modified":"2022-03-14T20:19:44","modified_gmt":"2022-03-14T19:19:44","slug":"newsletter-15032022","status":"publish","type":"post","link":"https:\/\/medienvielfalt.net\/index.php\/2022\/03\/newsletter-15032022\/","title":{"rendered":"Newsletter 15.03.2022"},"content":{"rendered":"\n<p>Sprachen: <a href=\"https:\/\/medienvielfalt.net\/index.php\/2022\/03\/newsletter-15032022\/#de-deutsch\">Deutsch<\/a> \/ <a href=\"https:\/\/medienvielfalt.net\/index.php\/2022\/03\/newsletter-15032022\/#fr-francaise\">Fran\u00e7aise<\/a> \/ <a href=\"https:\/\/medienvielfalt.net\/index.php\/2022\/03\/newsletter-15032022\/#en-english\">English<\/a><\/p>\n\n\n\n<h1 class=\"wp-block-heading\" id=\"de-deutsch\">Deutsch<\/h1>\n\n\n\n<p>Liebe Abonnent*innen von Colourful Voices,<br>hiermit stellen wir Euch stolz unseren ersten Newsletter vom \u201cnetzwerk medien.vielfalt!\u201d vor. Ab jetzt soll dieser monatlich erscheinen. Wir freuen uns auf Eure R\u00fcckmeldungen und Anregungen. Viel Spa\u00df beim Lesen!<\/p>\n\n\n\n<p><strong>Neues vom netzwerk medien.vielfalt!<\/strong><\/p>\n\n\n\n<p><strong>\u00dcber das netzwerk medien.vielfalt!<\/strong><\/p>\n\n\n\n<p>Das netzwerk medien.vielfalt! ist ein transkultureller Zusammenschluss von mehreren mehrsprachigen Radioprojekten und Redaktionen von Menschen mit Flucht- und Migrationserfahrung in den Freien Radios. Das \u201enetzwerk medien.vielfalt!\u201c startete am 1. Januar 2020 in Kooperation mit Medieninitiativen in der ganzen Republik. Ein gemeinsames Projekt, dass wir bereits begonnen haben ist die Entwicklung und Ver\u00f6ffentlichung der Website \u201eColourful Voices\u201c in der unsere Produktionen gesammelt werden.<\/p>\n\n\n\n<p>Das Netzwerk hat es sich zum Ziel gesetzt, einen nachhaltigen und \u00fcberregionalen Zusammenschluss von Redaktionen und Medienschaffenden in ganz Deutschland zu etablieren. Das Netzwerk soll die Perspektiven und Lebensrealit\u00e4ten von Menschen mit Fluchterfahrung im medialen Diskurs h\u00f6r- und sichtbarer machen und ihnen ein gesellschaftliches und individuelles Empowerment erm\u00f6glichen.<\/p>\n\n\n\n<p><strong>If it is not intersectional, it is not feminism! <\/strong><\/p>\n\n\n\n<p><strong>Unser Beitrag zum intersektionalen feministischen Kampftag<\/strong><\/p>\n\n\n\n<p>F\u00fcr den 8. M\u00e4rz haben sich mehrere Redaktionen des Netzwerkes zusammengeschlossen, um gemeinsam an intersektional-feministischen Radiobeitr\u00e4gen zu arbeiten. Daraus sind zwei spannende und diverse Beitr\u00e4ge entstanden.<\/p>\n\n\n\n<p>Zum einen gab es eine Diskussion zwischen Mahtab von Migrant Mom\u2019s mic in Essen, Yumn von diversity media in N\u00fcrnberg, Pauline von NewcomerNEWS in T\u00fcbingen und Rufine von Our Voices in Freiburg \u00fcber S\u00e4tze, die Frauen* oft h\u00f6ren m\u00fcssen, die ihnen aber nicht gefallen.<\/p>\n\n\n\n<p>Zum anderen sammelte die Gruppe Stimmen von Feminist*innen aus S\u00fcdafrika, Kamerun, Indien, Iran, Chile, Pakistan, Syrien und viele mehr zu der Frage: Wie kann intersektionaler Feminismus zur L\u00f6sung sozialer Ungerechtigkeiten und globaler Krisen beitragen?<\/p>\n\n\n\n<p>Nachzuh\u00f6ren sind beide Beitr\u00e4ge auf der Webseite colourfulvoices.net<\/p>\n\n\n\n<p><strong>Open the borders for all!<\/strong><\/p>\n\n\n\n<p><strong>Unser Statement zum Krieg in der Ukraine am 26.02.22<\/strong><\/p>\n\n\n\n<p>Das Netzwerk medien.vielfalt! als ein Zusammenschluss von Medienschaffenden mit Migrations- und Fluchterfahrungen steht an der Seite der Menschen in der Ukraine, deren Leben und deren Freiheit durch den Angriffskrieg Russlands bedroht ist. Es braucht jetzt offene Fluchtwege sowohl f\u00fcr Ukrainer*innen und als auch f\u00fcr alle Transitfl\u00fcchtlinge aus anderen Staaten, die bereits vor anderen Konflikten in die Ukraine geflohen sind. Darunter sind Menschen aus Syrien Afghanistan, Tschetschenien und Somalia. Die Fluchtwege m\u00fcssen f\u00fcr alle offen sein, nicht nur an der ukrainischen Grenze, sondern auch z.B. einige hundert Kilometer weiter n\u00f6rdlich an der Grenze zwischen Belarus und Polen.<br><br>Wir stehen auch an der Seite der Menschen in Russland, die sich gegen den Krieg stellen und nun von Repressionen und Inhaftierung betroffen sind. Auch f\u00fcr bedrohte Russ*innen m\u00fcssen M\u00f6glichkeiten geschaffen, sich in Sicherheit zu bringen, z.B. in dem eine Visafreie Einreise nach Europa erm\u00f6glicht wird.<br><br>In Konfliktzeiten ist die Freiheit der Medien besonders wichtig. Auch sie muss gesch\u00fctzt werden. Wir appellieren aber auch an alle Journalist*innen und Medienschaffenden ihrer Rolle als Berichterstatter*innen mit gr\u00f6\u00dftm\u00f6glicher Sorgfalt und Sensibilit\u00e4t nachzukommen. Die Lage ist komplex. Um so wichtiger ist es Quellen auf ihre Echtheit und Expertise genau zu pr\u00fcfen um das Verbreiten von Falschinformationen zu vermeiden. In Kriegszeiten richten sich die Blicke vor allem auf die Entscheidungen und Handlungen der M\u00e4chtigen. Doch sollten die eigentlich Leidtragenden nicht vergessen werden. Ihre Stimmen, die Stimmen von unten m\u00fcssen gest\u00e4rkt und geh\u00f6rt werden.<\/p>\n\n\n\n<p>Wir sagen nein zu Vertreibung, Zerst\u00f6rung und Okkupation!<br>Wir sagen nein zu Kriegstreiberei durch Aufr\u00fcstung und Kriegsrhetorik!<br>Wir sagen nein zum Krieg, zu jedem Krieg!<\/p>\n\n\n\n<p><strong>Hierarchie der W\u00fcrde: wer darf fliehen?<\/strong><\/p>\n\n\n\n<p>Zusammenhalt und Solidarit\u00e4t. Das sind die Leitworte in Krisenzeiten\u2026 Aber Zusammenhalt und Solidarit\u00e4t mit wem? Krisen zeigen uns immer wieder wie Menschen eingestuft werden, und auf diesen Stufen stehen marginalisierte Gruppen immer ganz unten.<\/p>\n\n\n\n<p>Die Ausgrenzung und Entmenschlichung, die sie im Alltag erleben, werden dann eher st\u00e4rker und sichtbarer. Die Krise erleben sie dadurch mit einer Doppelbelastung.<\/p>\n\n\n\n<p>In Ausnahmesituationen sucht die Mehrheitsgesellschaft eine Personifizierung der Gefahr oder einen S\u00fcndenbock. Und diese findet sie oft in der Minderheitsgruppe.<\/p>\n\n\n\n<p>Das konnten wir beim Ausbruch der Corona-Pandemie mit den erh\u00f6ten F\u00e4llen von Anti-asiatischen Rassismus beobachten. Auch w\u00e4hrend der Evakuierung Afghanistans war das Deutsche Bier mehr Wert als das Leben Afghanischer Menschen.<\/p>\n\n\n\n<p>Und jetzt, mit dem Krieg in der Ukraine ist es wieder klar: Zusammenhalt und Solidarit\u00e4t ja, aber zuerst f\u00fcr wei\u00dfe.<\/p>\n\n\n\n<p>\u201cThey seem so like us. That is what makes it shoking\u201d schreibt Daniel Hannan, Reporter von The Daily Telegraph, in seinem Artikel zu Putins Einmarsch in die Ukraine. Er f\u00fcgt hinzu, dass Krieg nicht mehr nur f\u00fcr arme L\u00e4nder ist, es kann allen passieren.<\/p>\n\n\n\n<p>Deshalb ist die EU mit der Ukraine solidarisch. Die Ukraine ist in Europa. Der Krieg betrifft Europa. Europ\u00e4ische Menschen sterben. Also betrifft dieser Krieg uns alle \u2013 die ganze Welt soll Solidarit\u00e4t zeigen.<\/p>\n\n\n\n<p>Aber es gibt auch einen Krieg in Yemen, er betrifft nur die Menschen in Yemen. Es gibt Konflikte in Mali, er geht nur Malier*innen was an. Die Anglophone Krise in Kamerun betrifft auch nur die Anglophonen Kameruner*innen. Jeder Krieg sollte uns alle betreffe. Jede Person, die fliehen muss, sollte als Mensch behandelt werden.<\/p>\n\n\n\n<p>Daher lehnen wir als netzwerk medien.vielfalt! die Hierarchisierungen und Rassifizierungen von Menschen auf der Flucht, die seit dem Ukraine-Krieg wieder st\u00e4rker in der europ\u00e4ischen Presse zu finden sind, entschieden ab.<\/p>\n\n\n\n<p><strong>Internationale Wochen gegen Rassismus<\/strong>:<\/p>\n\n\n\n<p><strong>Antirassismus &amp; Allyship am Beispiel des netwerks medien.vielfalt! Ein Onlinevortrag mit Diskussion.<\/strong><\/p>\n\n\n\n<p>Wir m\u00fcssen \u00fcber Rassismus sprechen, immer wieder und nicht nur, wenn mal wieder was passiert ist. Rassismus geht uns alle an, wir m\u00fcssen Perspektiven von Betroffenen h\u00f6rbar machen und ernst nehmen, gleichzeitig Privilegien hinterfragen, antirassistische Haltungen verinnerlichen und aktive Allianzen gegen\u00fcber marginalisierten Personen bilden.<\/p>\n\n\n\n<p>Eine solche Allianz ist das \u201enetzwerk medien.vielfalt\u201c, das, initiiert und koordiniert von der W\u00fcsten Welle in T\u00fcbingen aus, Medienprojekte von Gefl\u00fcchteten und Migrant*innen in ganz Deutschland miteinander verbindet und ihnen eine (bundesweite) Stimme gibt. Pauline Menghini und Azin Azadi stellen die Geschichte und Arbeit des Netzwerks in einem Online-Vortrag mit Diskussion w\u00e4hrend der Internationalen Wochen gegen Rassismus in T\u00fcbingen vor.<\/p>\n\n\n\n<p><strong>Wann:<\/strong>&nbsp;26.03.22 um 19 Uhr<\/p>\n\n\n\n<p><strong>Wo:&nbsp;<\/strong>Auf Zoom unter&nbsp;<a href=\"https:\/\/zoom.usj\/98818519470?pwd=dElBS0dERjZwN29RNENGTm9yekU0UT09\"><strong>https:\/\/zoom.usj\/98818519470?pwd=dElBS0dERjZwN29RNENGTm9yekU0UT09<\/strong><\/a><strong><\/strong><\/p>\n\n\n\n<p>Meeting-ID: 988 1851 9470<br>Kenncode: 990859<\/p>\n\n\n\n<p>Das waren die Neuigkeiten vom netzwerk medien.vielfalt! diesen Monat. Der n\u00e4chste Newsletter erscheint am 15. April.<\/p>\n\n\n\n<p>Ihr findet \u00dcbersetzungen von diesem Newsletter auf Franz\u00f6sisch und Englisch auf der Webseite vom netzwerk medien.vielfalt! Vous trouvez des traductions du Newsletter sur le site netzwerk medien.vielfalt! You can find translations of this Newsletter on the website of netzwerk medien.vielfalt!<\/p>\n\n\n\n<p>Wir w\u00fcrden uns freuen, wenn Ihr den Newsletter an Interessierte weiterleiten k\u00f6nnte. Wenn ihr euch f\u00fcr das Netzwerk interessiert und Teil davon werden wollt, schreibt gerne an info@medienvielfalt.net.<\/p>\n\n\n\n<p>Viele Gr\u00fc\u00dfe<\/p>\n\n\n\n<p>Pauline Menghini f\u00fcr das netwerk medien.vielfalt!<strong><br><\/strong><strong><br><\/strong><strong><\/strong><\/p>\n\n\n\n<hr class=\"wp-block-separator\"\/>\n\n\n\n<h1 class=\"wp-block-heading\" id=\"fr-francaise\">Fran\u00e7aise<\/h1>\n\n\n\n<p>Chers abonn\u00e9.e.s de Colourful Voices,<\/p>\n\n\n\n<p>Nous sommes fier.e.s de vous pr\u00e9senter notre premier newsletter du \u201enetzwerk medien.vielfalt ! Il para\u00eetra d\u00e9sormais tous les mois. Nous nous r\u00e9jouissons de vos r\u00e9actions et de vos suggestions. Bonne lecture !<\/p>\n\n\n\n<p><strong>Nouveaut\u00e9s du r\u00e9seau medien.vielfalt !<\/strong><\/p>\n\n\n\n<p><strong>\u00c0 propos du r\u00e9seau medien.vielfalt !<\/strong><\/p>\n\n\n\n<p>Le \u201enetzwerk medien.vielfalt !\u201c est un regroupement transculturel de plusieurs projets radiophoniques multilingues et de r\u00e9dactions de personnes ayant une exp\u00e9rience de fuite ou de migration au sein des radios communautaires. Le \u201enetzwerk medien.vielfalt !\u201c a d\u00e9marr\u00e9 le 1er janvier 2020 en coop\u00e9ration avec des initiatives m\u00e9diatiques dans toute la R\u00e9publique. Un projet commun que nous avons d\u00e9j\u00e0 commenc\u00e9 est le d\u00e9veloppement et la publication du site web \u201eColourful Voices\u201c dans lequel nos productions sont rassembl\u00e9es.<\/p>\n\n\n\n<p>Le r\u00e9seau s\u2019est fix\u00e9 pour objectif d\u2019\u00e9tablir une association durable et suprar\u00e9gionale de r\u00e9dactions et de professionnel.le.s des m\u00e9dias dans toute l\u2019Allemagne. Le r\u00e9seau doit rendre plus audibles et visibles dans le discours m\u00e9diatique les perspectives et les r\u00e9alit\u00e9s de vie des personnes issues de l\u2019asile et leur permettre un empowerment social et individuel.<\/p>\n\n\n\n<p><strong>Si ce n\u2019est pas intersectionnel, ce n\u2019est pas du f\u00e9minisme !<\/strong><\/p>\n\n\n\n<p><strong>Notre contribution \u00e0 la journ\u00e9e de lutte f\u00e9ministe intersectionnelle<\/strong><\/p>\n\n\n\n<p>Pour le 8 mars, plusieurs r\u00e9dactions du r\u00e9seau se sont r\u00e9unies pour travailler ensemble sur des contributions radiophoniques f\u00e9ministes intersectionnelles. Il en est r\u00e9sult\u00e9 deux contributions diverses et passionnantes.<\/p>\n\n\n\n<p>D\u2019une part, il y a eu une discussion entre Mahtab de Migrant Mom\u2019s mic \u00e0 Essen, Yumn de diversity media \u00e0 Nuremberg, Pauline de NewcomerNEWS \u00e0 T\u00fcbingen et Rufine de Our Voices \u00e0 Fribourg sur des phrases que les femmes* doivent souvent entendre, mais qui ne leur plaisent pas.<\/p>\n\n\n\n<p>D\u2019autre part, le groupe a recueilli les voix de f\u00e9ministes* d\u2019Afrique du Sud, du Cameroun, d\u2019Inde, d\u2019Iran, du Chili, du Pakistan, de Syrie et bien d\u2019autres encore sur la question suivante : comment le f\u00e9minisme intersectionnel peut-il contribuer \u00e0 r\u00e9soudre les injustices sociales et les crises mondiales ?<\/p>\n\n\n\n<p>Les deux contributions peuvent \u00eatre \u00e9cout\u00e9es sur le site colourfulvoices.net.<\/p>\n\n\n\n<p><strong>Stop \u00e0 la guerre !<\/strong><\/p>\n\n\n\n<p><strong>Ouvrez les fronti\u00e8res pour tous !<\/strong><\/p>\n\n\n\n<p><strong>Notre d\u00e9claration sur la guerre en Ukraine le 26.02.22<\/strong><\/p>\n\n\n\n<p>Le r\u00e9seau medien.vielfalt !, qui regroupe des professionnel.le.s des m\u00e9dias ayant une exp\u00e9rience de la migration et de la fuite, se tient aux c\u00f4t\u00e9s des personnes en Ukraine dont la vie et la libert\u00e9 sont menac\u00e9es par la guerre d\u2019agression men\u00e9e par la Russie. Il faut maintenant ouvrir des voies de fuite pour les Ukrainien.ne.s et pour tous les r\u00e9fugi\u00e9s de transit d\u2019autres pays qui ont d\u00e9j\u00e0 fui d\u2019autres conflits vers l\u2019Ukraine. Il s\u2019agit notamment de personnes originaires de Syrie, d\u2019Afghanistan, de Tch\u00e9tch\u00e9nie et de Somalie. Les voies de fuite doivent \u00eatre ouvertes \u00e0 tous et toutes, non seulement \u00e0 la fronti\u00e8re ukrainienne, mais aussi, par exemple, quelques centaines de kilom\u00e8tres plus au nord, \u00e0 la fronti\u00e8re entre la Bi\u00e9lorussie et la Pologne.<\/p>\n\n\n\n<p>Nous sommes \u00e9galement aux c\u00f4t\u00e9s des personnes en Russie qui s\u2019opposent \u00e0 la guerre et qui sont d\u00e9sormais victimes de r\u00e9pression et d\u2019emprisonnement. Les Russes menac\u00e9.e.s doivent \u00e9galement avoir la possibilit\u00e9 de se mettre en s\u00e9curit\u00e9, par exemple en se rendant en Europe sans visa.<\/p>\n\n\n\n<p>En p\u00e9riode de conflit, la libert\u00e9 des m\u00e9dias est particuli\u00e8rement importante. Elle doit \u00e9galement \u00eatre prot\u00e9g\u00e9e. Mais nous appelons \u00e9galement tous les journalistes et professionnel.le.s des m\u00e9dias \u00e0 remplir leur r\u00f4le de reporters avec le plus grand soin et la plus grande sensibilit\u00e9 possible. La situation est complexe. Il est d\u2019autant plus important de v\u00e9rifier l\u2019authenticit\u00e9 et l\u2019expertise des sources afin d\u2019\u00e9viter la diffusion de fausses informations. En temps de guerre, les regards se tournent avant tout vers les d\u00e9cisions et les actions des puissant.e.s. Mais il ne faut pas oublier celles et ceux qui souffrent. Leur.e.s voix, les voix d\u2019en bas, doivent \u00eatre renforc\u00e9es et entendues.<\/p>\n\n\n\n<p>Nous disons non \u00e0 l\u2019expulsion, \u00e0 la destruction et \u00e0 l\u2019occupation !<\/p>\n\n\n\n<p>Nous disons non au bellicisme par l\u2019armement et la rh\u00e9torique guerri\u00e8re !<\/p>\n\n\n\n<p>Nous disons non \u00e0 la guerre, \u00e0 toutes les guerres !<\/p>\n\n\n\n<p><strong>Hi\u00e9rarchie de la dignit\u00e9 : qui peut fuir ?<\/strong><\/p>\n\n\n\n<p>Coh\u00e9sion et solidarit\u00e9. Ce sont les mots d\u2019ordre en temps de crise\u2026 Mais la coh\u00e9sion et la solidarit\u00e9 envers qui ? Les crises nous montrent toujours comment les gens sont hi\u00e9rarchis\u00e9s, et sur ces \u00e9chelons, les groupes marginalis\u00e9s se trouvent toujours tout en bas.<\/p>\n\n\n\n<p>L\u2019exclusion et la d\u00e9shumanisation qu\u2019elles et ils vivent au quotidien ont alors tendance \u00e0 se renforcer et \u00e0 devenir plus visibles. Elles et Ils vivent ainsi la crise avec une double peine.<\/p>\n\n\n\n<p>Dans les situations exceptionnelles, la soci\u00e9t\u00e9 majoritaire cherche \u00e0 personnifier le danger ou \u00e0 d\u00e9signer un bouc \u00e9missaire. Et elle les trouve souvent dans le groupe minoritaire.<\/p>\n\n\n\n<p>C\u2019est ce que nous avons pu observer lors de l\u2019\u00e9clatement de la pand\u00e9mie du Covid-19, avec des cas accrus de racisme anti-asiatique. M\u00eame pendant l\u2019\u00e9vacuation de l\u2019Afghanistan, la bi\u00e8re allemande avait plus de valeur que la vie des Afghan.e.s.<\/p>\n\n\n\n<p>Et maintenant, avec la guerre en Ukraine, c\u2019est \u00e0 nouveau clair : la coh\u00e9sion et la solidarit\u00e9, oui, mais d\u2019abord pour les blancs.<\/p>\n\n\n\n<p>\u201c They seem so like us. That is what makes it shoking\u201c \u00e9crit Daniel Hannan, journaliste du Daily Telegraph, dans son article sur l\u2019invasion de l\u2019Ukraine par Poutine. Il ajoute que la guerre n\u2019est plus r\u00e9serv\u00e9e aux pays pauvres, elle peut arriver \u00e0 tout le monde.<\/p>\n\n\n\n<p>C\u2019est pourquoi l\u2019UE est solidaire de l\u2019Ukraine. L\u2019Ukraine est en Europe. La guerre concerne l\u2019Europe. Des Europ\u00e9en.e.s meurent. Donc cette guerre nous concerne tous \u2013 le monde entier doit faire preuve de solidarit\u00e9.<\/p>\n\n\n\n<p>Mais il y a aussi une guerre au Y\u00e9men, elle ne concerne que les habitants du Y\u00e9men. Il y a des conflits au Mali, cela ne concerne que les Malien.e.s. La crise anglophone au Cameroun ne concerne que les Camerounais.es anglophones. Toute guerre devrait nous concerner toutes et tous. Chaque personne qui doit fuir devrait \u00eatre trait\u00e9e comme un \u00eatre humain.<\/p>\n\n\n\n<p>C\u2019est pourquoi, en tant que r\u00e9seau medien.vielfalt !, nous refusons cat\u00e9goriquement les hi\u00e9rarchisations et les racialisations des personnes en fuite, que l\u2019on retrouve de plus en plus dans la presse europ\u00e9enne depuis la guerre en Ukraine.<\/p>\n\n\n\n<p><strong>Semaines internationales contre le racisme<\/strong><\/p>\n\n\n\n<p><strong>Antiracisme &amp; allyship \u00e0 l\u2019exemple de netwerk medien.vielfalt ! Une conf\u00e9rence en ligne avec discussion.<\/strong><\/p>\n\n\n\n<p>Nous devons parler du racisme, encore et toujours, et pas seulement lorsqu\u2019il se passe quelque chose. Le racisme nous concerne toutes et tous, nous devons faire entendre les perspectives des personnes concern\u00e9es et les prendre au s\u00e9rieux, remettre en question les privil\u00e8ges, int\u00e9rioriser les attitudes antiracistes et former des alliances actives face aux personnes marginalis\u00e9es.<\/p>\n\n\n\n<p>Une telle alliance est le \u201enetzwerk medien.vielfalt\u201c qui, initi\u00e9 et coordonn\u00e9 par la W\u00fcste Welle \u00e0 T\u00fcbingen, relie entre eux des projets m\u00e9diatiques de r\u00e9fugi\u00e9.e.s et d\u2019immigr\u00e9.e.s dans toute l\u2019Allemagne et leur donne une voix (\u00e0 l\u2019\u00e9chelle nationale). Pauline Menghini et Azin Azadi pr\u00e9senteront l\u2019histoire et le travail du r\u00e9seau lors d\u2019une conf\u00e9rence en ligne et d\u2019une discussion pendant les semaines internationales contre le racisme \u00e0 T\u00fcbingen.<\/p>\n\n\n\n<p>Quand : 26.03.22 \u00e0 19 heures<\/p>\n\n\n\n<p>O\u00f9 : sur Zoom sous https:\/\/zoom.usj\/98818519470?pwd=dElBS0dERjZwN29RNENGTm9yekU0UT09<\/p>\n\n\n\n<p>ID de la r\u00e9union : 988 1851 9470<\/p>\n\n\n\n<p>Code d\u2019identification : 990859<\/p>\n\n\n\n<p>C\u2019\u00e9tait les nouvelles de netzwerk medien.vielfalt ! ce mois-ci. La prochaine newsletter sera publi\u00e9e le 15 avril.<\/p>\n\n\n\n<p>Nous serions heureux si vous pouviez transmettre le newsletter aux personnes int\u00e9ress\u00e9es. Si vous \u00eates int\u00e9ress\u00e9s par le r\u00e9seau et souhaitez en faire partie, n\u2019h\u00e9sitez pas \u00e0 \u00e9crire \u00e0 info@medienvielfalt.net.<\/p>\n\n\n\n<p>Avec nos meilleures salutations<\/p>\n\n\n\n<p>Pauline Menghini pour le netzwerk medien.vielfalt!<\/p>\n\n\n\n<hr class=\"wp-block-separator\"\/>\n\n\n\n<h1 class=\"wp-block-heading\" id=\"en-english\">English<\/h1>\n\n\n\n<p>Dear subscribers of Colourful Voices,<\/p>\n\n\n\n<p>We are proud to present our first newsletter of the \u201enetzwerk medien.vielfalt! From now on it will be published monthly. We look forward to your feedback and suggestions. Have fun reading!<strong><\/strong><\/p>\n\n\n\n<p><strong>News from the netzwerk medien.vielfalt!<\/strong><\/p>\n\n\n\n<p><strong>About the netzwerk medien.vielfalt!<\/strong><\/p>\n\n\n\n<p>The netzwerk medien.vielfalt! is a transcultural association of several multilingual radio projects and editorial teams of people with refugee and migration experience in independent radio stations. The \u201enetzwerk medien.vielfalt!\u201c started on 1 January 2020 in cooperation with media initiatives throughout the republic. A joint project that we have already started is the development and publication of the website \u201eColourful Voices\u201c where our productions are collected.<\/p>\n\n\n\n<p>The network has set itself the goal of establishing a sustainable and supra-regional association of editorial offices and media professionals throughout Germany. The network aims to make the perspectives and realities of people with refugee experience more audible and visible in the media discourse and to enable their social and individual empowerment.<\/p>\n\n\n\n<p><strong>If it is not intersectional, it is not feminism!<\/strong><\/p>\n\n\n\n<p><strong>Our contribution to the intersectional feminist struggle day<\/strong><\/p>\n\n\n\n<p>For 8 March, several editorial teams of the network joined forces to work on intersectional feminist radio contributions. This resulted in two exciting and diverse contributions.<\/p>\n\n\n\n<p>Firstly, there was a discussion between Mahtab from Migrant Mom\u2019s mic in Essen, Yumn from diversity media in Nuremberg, Pauline from NewcomerNEWS in T\u00fcbingen and Rufine from Our Voices in Freiburg about sentences that women* often have to hear but don\u2019t like.<\/p>\n\n\n\n<p>On the other hand, the group collected voices of feminists from South Africa, Cameroon, India, Iran, Chile, Pakistan, Syria and many more on the question: How can intersectional feminism contribute to solving social injustices and global crises?<\/p>\n\n\n\n<p>Both contributions can be listened to on the website colourfulvoices.net.<\/p>\n\n\n\n<p><strong>Stop the War!<\/strong><\/p>\n\n\n\n<p><strong>Open the borders for all!<\/strong><\/p>\n\n\n\n<p><strong>Our statement on the war in Ukraine on 26.02.22<\/strong><\/p>\n\n\n\n<p>The network medien.vielfalt! as an association of media professionals with migration and refugee experiences stands by the people in Ukraine whose lives and freedom are threatened by Russia\u2019s war of aggression. Open escape routes are now needed for Ukrainians as well as for all transit refugees from other countries who have already fled to Ukraine from other conflicts. These include people from Syria, Afghanistan, Chechnya and Somalia. The escape routes must be open to all, not only at the Ukrainian border, but also, for example, a few hundred kilometres further north at the border between Belarus and Poland.<\/p>\n\n\n\n<p>We also stand with the people in Russia who oppose the war and are now facing repression and imprisonment. Opportunities must also be created for threatened Russians to bring themselves to safety, e.g. by allowing visa-free entry to Europe.<\/p>\n\n\n\n<p>In times of conflict, the freedom of the media is particularly important. It must also be protected. We also call on all journalists and media professionals to fulfil their role as reporters with the greatest possible care and sensitivity. The situation is complex. It is all the more important to check sources for their authenticity and expertise in order to avoid spreading false information. In times of war, the focus is primarily on the decisions and actions of the powerful. But those who actually suffer should not be forgotten. Their voices, the voices from below, must be strengthened and heard.<\/p>\n\n\n\n<p>We say no to expulsion, destruction and occupation!<\/p>\n\n\n\n<p>We say no to warmongering through rearmament and war rhetoric!<\/p>\n\n\n\n<p>We say no to war, to every war!<\/p>\n\n\n\n<p><strong>Hierarchy of dignity: who is allowed to flee?<\/strong><\/p>\n\n\n\n<p>Cohesion and solidarity. These are the watchwords in times of crisis\u2026 But cohesion and solidarity with whom? Crises show us again and again how people are ranked, and on these levels marginalised groups are always at the bottom.<\/p>\n\n\n\n<p>The exclusion and dehumanisation they experience in everyday life then tend to become stronger and more visible. They thus experience the crisis with a double burden.<\/p>\n\n\n\n<p>In exceptional situations, the majority society looks for a personification of the danger or a scapegoat. And it often finds this in the minority group.<\/p>\n\n\n\n<p>We could observe this during the outbreak of the Corona pandemic with the increased cases of anti-Asian racism. Even during the evacuation of Afghanistan, German beer was worth more than Afghan lives.<\/p>\n\n\n\n<p>And now, with the war in Ukraine, it is clear again: cohesion and solidarity yes, but for white people first.<\/p>\n\n\n\n<p>\u201eThey seem so like us. That is what makes it shoking\u201c writes Daniel Hannan, reporter for The Daily Telegraph, in his article on Putin\u2019s invasion of Ukraine. He adds that war is no longer just for poor countries, it can happen to anyone.<\/p>\n\n\n\n<p>That is why the EU stands in solidarity with Ukraine. Ukraine is in Europe. The war affects Europe. European people are dying. So this war affects all of us \u2013 the whole world should show solidarity.<\/p>\n\n\n\n<p>But there is also a war in Yemen, it only affects the people of Yemen. There are conflicts in Mali, it concerns only Malians. The Anglophone crisis in Cameroon also concerns only the Anglophone Cameroonians. Every war should concern us all. Every person who has to flee should be treated as a human being.<\/p>\n\n\n\n<p>Therefore, we as netzwerk medien.vielfalt! strongly reject the hierarchisation and racialisation of people on the run, which can be found more and more in the European press since the war in Ukraine.<\/p>\n\n\n\n<p><strong>International Weeks Against Racism<\/strong><\/p>\n\n\n\n<p><strong>Antiracism &amp; Allyship using the example of netwerk medien.vielfalt! An online lecture with discussion.<\/strong><\/p>\n\n\n\n<p>We have to talk about racism, again and again and not only when something happens. Racism concerns us all, we have to make the perspectives of those affected audible and take them seriously, at the same time question privileges, internalise anti-racist attitudes and form active alliances towards marginalised people.<\/p>\n\n\n\n<p>One such alliance is the \u201enetzwerk medien.vielfalt\u201c, which, initiated and coordinated from W\u00fcsten Welle in T\u00fcbingen, connects media projects of refugees and migrants throughout Germany and gives them a (nationwide) voice. Pauline Menghini and Azin Azadi will present the history and work of the network in an online lecture with discussion during the International Weeks against Racism in T\u00fcbingen.<\/p>\n\n\n\n<p>When: 26.03.22 at 7 pm<\/p>\n\n\n\n<p>Where: On Zoom at https:\/\/zoom.usj\/98818519470?pwd=dElBS0dERjZwN29RNENGTm9yekU0UT09<\/p>\n\n\n\n<p>Meeting ID: 988 1851 9470<\/p>\n\n\n\n<p>ID code: 990859<\/p>\n\n\n\n<p>That was the news from netzwerk medien.vielfalt! this month. The next newsletter will be published on 15 April.<\/p>\n\n\n\n<p>We would be happy if you could forward the newsletter to interested people. If you are interested in the network and want to become part of it, please write to info@medienvielfalt.net.<\/p>\n\n\n\n<p>Best regards<\/p>\n\n\n\n<p>Pauline Menghini for the netwerk medien.vielfalt!<\/p>\n\n\n\n<p><\/p>\n\n\n\n<p>Featured Photo by <a href=\"https:\/\/unsplash.com\/@utsavsrestha?utm_source=unsplash&amp;utm_medium=referral&amp;utm_content=creditCopyText\">Utsav Srestha<\/a> on <a href=\"https:\/\/unsplash.com\/s\/photos\/newspaper?utm_source=unsplash&amp;utm_medium=referral&amp;utm_content=creditCopyText\">Unsplash<\/a><\/p>\n","protected":false},"excerpt":{"rendered":"<p>Sprachen: Deutsch \/ Fran\u00e7aise \/ English Deutsch Liebe Abonnent*innen von Colourful Voices,hiermit stellen wir Euch stolz unseren ersten Newsletter vom \u201cnetzwerk medien.vielfalt!\u201d vor. Ab jetzt soll dieser monatlich erscheinen. Wir freuen uns auf Eure R\u00fcckmeldungen und Anregungen. Viel Spa\u00df beim Lesen! Neues vom netzwerk medien.vielfalt! \u00dcber das netzwerk medien.vielfalt! Das netzwerk medien.vielfalt! ist ein transkultureller&hellip;&nbsp;<a href=\"https:\/\/medienvielfalt.net\/index.php\/2022\/03\/newsletter-15032022\/\" rel=\"bookmark\">Weiterlesen &raquo;<span class=\"screen-reader-text\">Newsletter 15.03.2022<\/span><\/a><\/p>\n","protected":false},"author":6,"featured_media":1005,"comment_status":"open","ping_status":"open","sticky":false,"template":"","format":"standard","meta":{"_cbd_carousel_blocks":"[]","neve_meta_sidebar":"","neve_meta_container":"","neve_meta_enable_content_width":"","neve_meta_content_width":0,"neve_meta_title_alignment":"","neve_meta_author_avatar":"","neve_post_elements_order":"","neve_meta_disable_header":"","neve_meta_disable_footer":"","neve_meta_disable_title":"","_themeisle_gutenberg_block_has_review":false,"footnotes":""},"categories":[13],"tags":[],"class_list":["post-1004","post","type-post","status-publish","format-standard","has-post-thumbnail","hentry","category-newsletter"],"_links":{"self":[{"href":"https:\/\/medienvielfalt.net\/index.php\/wp-json\/wp\/v2\/posts\/1004","targetHints":{"allow":["GET"]}}],"collection":[{"href":"https:\/\/medienvielfalt.net\/index.php\/wp-json\/wp\/v2\/posts"}],"about":[{"href":"https:\/\/medienvielfalt.net\/index.php\/wp-json\/wp\/v2\/types\/post"}],"author":[{"embeddable":true,"href":"https:\/\/medienvielfalt.net\/index.php\/wp-json\/wp\/v2\/users\/6"}],"replies":[{"embeddable":true,"href":"https:\/\/medienvielfalt.net\/index.php\/wp-json\/wp\/v2\/comments?post=1004"}],"version-history":[{"count":4,"href":"https:\/\/medienvielfalt.net\/index.php\/wp-json\/wp\/v2\/posts\/1004\/revisions"}],"predecessor-version":[{"id":1012,"href":"https:\/\/medienvielfalt.net\/index.php\/wp-json\/wp\/v2\/posts\/1004\/revisions\/1012"}],"wp:featuredmedia":[{"embeddable":true,"href":"https:\/\/medienvielfalt.net\/index.php\/wp-json\/wp\/v2\/media\/1005"}],"wp:attachment":[{"href":"https:\/\/medienvielfalt.net\/index.php\/wp-json\/wp\/v2\/media?parent=1004"}],"wp:term":[{"taxonomy":"category","embeddable":true,"href":"https:\/\/medienvielfalt.net\/index.php\/wp-json\/wp\/v2\/categories?post=1004"},{"taxonomy":"post_tag","embeddable":true,"href":"https:\/\/medienvielfalt.net\/index.php\/wp-json\/wp\/v2\/tags?post=1004"}],"curies":[{"name":"wp","href":"https:\/\/api.w.org\/{rel}","templated":true}]}}