{"id":1061,"date":"2022-05-15T17:47:40","date_gmt":"2022-05-15T15:47:40","guid":{"rendered":"https:\/\/medienvielfalt.net\/?p=1061"},"modified":"2022-05-15T18:49:07","modified_gmt":"2022-05-15T16:49:07","slug":"im-portrait-not-okay-podcast","status":"publish","type":"post","link":"https:\/\/medienvielfalt.net\/index.php\/2022\/05\/im-portrait-not-okay-podcast\/","title":{"rendered":"Im Portrait: (not) okay Podcast"},"content":{"rendered":"\n<p>Fast jede zehnte Person in Deutschland hat <a href=\"https:\/\/www.deutsche-depressionshilfe.de\/depression-infos-und-hilfe\/was-ist-eine-depression\/haeufigkeit\">Erfahrungen mit Depressionen<\/a>. Auch die Lebenszufriedenheit der in Deutschland lebenden Personen ist auf einem <a href=\"https:\/\/www.nzz.ch\/panorama\/deutsches-unglueck-die-lebenszufriedenheit-in-deutschland-sinkt-auf-ein-historisches-tief-ld.1654550\">historischen Tief<\/a>. Die letzten Jahre haben sich durch leistungsorientierte Politik, Pandemie, Klimawandel und Kriege negativ auf die Situation seelischer Gesundheit ausgewirkt. Umso wichtiger ist die Erkenntnis, dass in den letzten Monaten immer h\u00e4ufiger \u00fcber das Thema gesprochen wird. Zwar nicht \u00fcber die Entstigmatisierung von Psychosen, Borderline oder bipolaren St\u00f6rungen, aber zumindest sind Angst, Panik und Depression Themen \u00fcber die nun teilweise offen gesprochen werden kann.<\/p>\n\n\n\n<p>Dass wir dar\u00fcber sprechen k\u00f6nnen ist vor allem auch durch Aufkl\u00e4rungsarbeit, wie die des (not) okay Podcasts erst m\u00f6glich. Denn nicht erst seit gestern besch\u00e4ftigt sich der Anti-Stigma-Podcast von <a href=\"https:\/\/diversitymedia.info\/\">Diversity Media e.V.<\/a> realistisch, kritisch und empowernd mit den Themen Psyche, Krankheit, Gesundheit, Stereotype und (Ent-)Stigmatisierung.<\/p>\n\n\n\n<h2 class=\"wp-block-heading\"><a><\/a>welcome crazies!<\/h2>\n\n\n\n<p>Yumn Ammar und Megha Uchill vom netzwerk medien.vielfalt! haben bereits 8 Folgen ihres Podcasts ver\u00f6ffentlicht. Zwischen praktischen Tipps zur Therapeut*innen-Suche und dem Umgang mit der eigenen Erkrankung, finden sich auch immer wieder Positionierungen gegen \u201ctoxic positivity\u201d (sprich der verbreiteten Tendenz bestimmte Denkweisen systematisch zu vermeiden und zu verdr\u00e4ngen oder sie durch positive Denken zu ersetzen) und Stigmatisierung allgemein.<\/p>\n\n\n\n<iframe loading=\"lazy\" style=\"border-radius:12px\" src=\"https:\/\/open.spotify.com\/embed\/episode\/4txL3ecALjs9SlIQd9Yvpn?utm_source=generator&#038;theme=0\" width=\"100%\" height=\"232\" frameBorder=\"0\" allowfullscreen=\"\" allow=\"autoplay; clipboard-write; encrypted-media; fullscreen; picture-in-picture\"><\/iframe>\n\n\n\n<p>Besonders an dem Podcast (not) okay ist seine intersektionale Ausrichtung, der die beiden Medienmacherinnen nicht nur in ihrer Rolle als Betroffene, sondern auch als Frauen mit Zuwanderungsgeschichte denkt. So wird die eigene Betroffenheit auch vor dem Hintergrund der eigenen Zuwanderungsgeschichte analysiert und reflektiert. Dabei wird vor allem auch \u00fcber die verschiedenen Problemlagen und fokussierten Perspektiven aufgekl\u00e4rt.<\/p>\n\n\n\n<figure class=\"wp-block-image size-full\"><img loading=\"lazy\" decoding=\"async\" width=\"1024\" height=\"683\" src=\"https:\/\/medienvielfalt.net\/wp-content\/uploads\/2022\/05\/yumpno.jpeg\" alt=\"\" class=\"wp-image-1068\" srcset=\"https:\/\/medienvielfalt.net\/wp-content\/uploads\/2022\/05\/yumpno.jpeg 1024w, https:\/\/medienvielfalt.net\/wp-content\/uploads\/2022\/05\/yumpno-300x200.jpeg 300w, https:\/\/medienvielfalt.net\/wp-content\/uploads\/2022\/05\/yumpno-768x512.jpeg 768w, https:\/\/medienvielfalt.net\/wp-content\/uploads\/2022\/05\/yumpno-930x620.jpeg 930w\" sizes=\"auto, (max-width: 1024px) 100vw, 1024px\" \/><\/figure>\n\n\n\n<h2 class=\"wp-block-heading\"><a><\/a>why it is okay not to be okay<\/h2>\n\n\n\n<p>Die <a href=\"https:\/\/www.podcast.de\/podcast\/2582620\/archiv\">Folgen und Themen von (not)okay<\/a> sind vielf\u00e4ltig. Mal geht es um die Verschiebung psychischer Belange zu \u201cquirky personality traits\u201d, dann um die selbst auferlegten Optimierungsanspr\u00fcche und -versuche zum Jahreswechsel. Folge 5 zum Thema \u201c<a href=\"https:\/\/www.podcast.de\/episode\/587935339\/folge-05-why-being-multilingual-sucks\">why multilingual sucks<\/a>\u201d erschien (ausnahmsweise) in englischer Sprache und stellte sich der Frage von Vor- und Nachteilen eines Lebens mit mehreren Sprachen.<\/p>\n\n\n\n<iframe loading=\"lazy\" style=\"border-radius:12px\" src=\"https:\/\/open.spotify.com\/embed\/episode\/52TNPnVIDwTYlQ2gCzKJ4s?utm_source=generator&#038;theme=0\" width=\"100%\" height=\"232\" frameBorder=\"0\" allowfullscreen=\"\" allow=\"autoplay; clipboard-write; encrypted-media; fullscreen; picture-in-picture\"><\/iframe>\n\n\n\n<p>Yumn und Megha sind mit ihrem Podcast (not) okay Teil des Vereins Diversity Media e.V. in N\u00fcrnberg. Der Verein setzt sich f\u00fcr Inklusion, Transkulturalit\u00e4t und Diversit\u00e4t auf gesamtgesellschaftlicher, sowie medialer Ebene ein. Daf\u00fcr hat der Verein in N\u00fcrnberg einen Media-Workspace &#8211; eine diversit\u00e4tssensible Medienwerkstatt geschaffen, in der es allen Menschen m\u00f6glich ist Medienmacher*innen zu werden.<\/p>\n\n\n\n<p>(not) okay ist mutig und richtet sich nicht nur gegen das Stigma, sondern macht es \u00fcberhaupt erst m\u00f6glich die Lebenswelt von Menschen mit psychischen Erkrankungen sichtbar zu machen. Der Podcast kl\u00e4rt auf und ist damit ein Schritt in die Richtung Stigmatisierung und Diskriminierung langfristig zu \u00fcberwinden.<\/p>\n","protected":false},"excerpt":{"rendered":"<p>Fast jede zehnte Person in Deutschland hat Erfahrungen mit Depressionen. Auch die Lebenszufriedenheit der in Deutschland lebenden Personen ist auf einem historischen Tief. Die letzten Jahre haben sich durch leistungsorientierte Politik, Pandemie, Klimawandel und Kriege negativ auf die Situation seelischer Gesundheit ausgewirkt. Umso wichtiger ist die Erkenntnis, dass in den letzten Monaten immer h\u00e4ufiger \u00fcber&hellip;&nbsp;<a href=\"https:\/\/medienvielfalt.net\/index.php\/2022\/05\/im-portrait-not-okay-podcast\/\" rel=\"bookmark\">Weiterlesen &raquo;<span class=\"screen-reader-text\">Im Portrait: (not) okay Podcast<\/span><\/a><\/p>\n","protected":false},"author":6,"featured_media":1063,"comment_status":"open","ping_status":"open","sticky":false,"template":"","format":"standard","meta":{"_cbd_carousel_blocks":"[]","neve_meta_sidebar":"","neve_meta_container":"","neve_meta_enable_content_width":"","neve_meta_content_width":0,"neve_meta_title_alignment":"","neve_meta_author_avatar":"","neve_post_elements_order":"","neve_meta_disable_header":"","neve_meta_disable_footer":"","neve_meta_disable_title":"","_themeisle_gutenberg_block_has_review":false,"footnotes":""},"categories":[14],"tags":[],"class_list":["post-1061","post","type-post","status-publish","format-standard","has-post-thumbnail","hentry","category-news"],"_links":{"self":[{"href":"https:\/\/medienvielfalt.net\/index.php\/wp-json\/wp\/v2\/posts\/1061","targetHints":{"allow":["GET"]}}],"collection":[{"href":"https:\/\/medienvielfalt.net\/index.php\/wp-json\/wp\/v2\/posts"}],"about":[{"href":"https:\/\/medienvielfalt.net\/index.php\/wp-json\/wp\/v2\/types\/post"}],"author":[{"embeddable":true,"href":"https:\/\/medienvielfalt.net\/index.php\/wp-json\/wp\/v2\/users\/6"}],"replies":[{"embeddable":true,"href":"https:\/\/medienvielfalt.net\/index.php\/wp-json\/wp\/v2\/comments?post=1061"}],"version-history":[{"count":4,"href":"https:\/\/medienvielfalt.net\/index.php\/wp-json\/wp\/v2\/posts\/1061\/revisions"}],"predecessor-version":[{"id":1069,"href":"https:\/\/medienvielfalt.net\/index.php\/wp-json\/wp\/v2\/posts\/1061\/revisions\/1069"}],"wp:featuredmedia":[{"embeddable":true,"href":"https:\/\/medienvielfalt.net\/index.php\/wp-json\/wp\/v2\/media\/1063"}],"wp:attachment":[{"href":"https:\/\/medienvielfalt.net\/index.php\/wp-json\/wp\/v2\/media?parent=1061"}],"wp:term":[{"taxonomy":"category","embeddable":true,"href":"https:\/\/medienvielfalt.net\/index.php\/wp-json\/wp\/v2\/categories?post=1061"},{"taxonomy":"post_tag","embeddable":true,"href":"https:\/\/medienvielfalt.net\/index.php\/wp-json\/wp\/v2\/tags?post=1061"}],"curies":[{"name":"wp","href":"https:\/\/api.w.org\/{rel}","templated":true}]}}