{"id":1075,"date":"2022-05-16T19:13:33","date_gmt":"2022-05-16T17:13:33","guid":{"rendered":"https:\/\/medienvielfalt.net\/?p=1075"},"modified":"2022-05-16T19:18:52","modified_gmt":"2022-05-16T17:18:52","slug":"newsletter-16-05-2022","status":"publish","type":"post","link":"https:\/\/medienvielfalt.net\/index.php\/2022\/05\/newsletter-16-05-2022\/","title":{"rendered":"Newsletter 16.05.2022"},"content":{"rendered":"\n<p><\/p>\n\n\n\n<p>Sprachen: <a href=\"https:\/\/medienvielfalt.net\/index.php\/2022\/05\/newsletter-16-05-2022\/#de-deutsch\">Deutsch <\/a>\/ <a href=\"https:\/\/medienvielfalt.net\/index.php\/2022\/05\/newsletter-16-05-2022\/#fr-francaise\">Fran\u00e7aise<\/a> \/ <a href=\"https:\/\/medienvielfalt.net\/index.php\/2022\/05\/newsletter-16-05-2022\/#en-english\">English<\/a><\/p>\n\n\n\n<h2 class=\"wp-block-heading\" id=\"de-deutsch\">Deutsch<\/h2>\n\n\n\n<p>Liebe Abonent:innen von Colourful Voices, liebe Freie Radios,<\/p>\n\n\n\n<p>hier kommt der April-Newsletter vom \u201cnetzwerk medien.vielfalt!\u201d. Dieser Newsletter ist auch auf Franz\u00f6sisch und Englisch verf\u00fcgbar. Klickt daf\u00fcr auf die hier folgenden Links. Wir freuen uns auf Eure R\u00fcckmeldungen und Anregungen. Viel Spa\u00df beim Lesen!<\/p>\n\n\n\n<figure class=\"wp-block-image size-large\"><img loading=\"lazy\" decoding=\"async\" width=\"1024\" height=\"684\" src=\"https:\/\/medienvielfalt.net\/wp-content\/uploads\/2022\/05\/1-1024x684.jpg\" alt=\"\" class=\"wp-image-1079\" srcset=\"https:\/\/medienvielfalt.net\/wp-content\/uploads\/2022\/05\/1-1024x684.jpg 1024w, https:\/\/medienvielfalt.net\/wp-content\/uploads\/2022\/05\/1-300x200.jpg 300w, https:\/\/medienvielfalt.net\/wp-content\/uploads\/2022\/05\/1-768x513.jpg 768w, https:\/\/medienvielfalt.net\/wp-content\/uploads\/2022\/05\/1-930x620.jpg 930w, https:\/\/medienvielfalt.net\/wp-content\/uploads\/2022\/05\/1.jpg 1078w\" sizes=\"auto, (max-width: 1024px) 100vw, 1024px\" \/><\/figure>\n\n\n\n<h1 class=\"wp-block-heading\">Warum \u201cNicht ohne uns 14% Prozent\u201d?<\/h1>\n\n\n\n<p><strong>ein Text von Mahtab Mahboub<\/strong><\/p>\n\n\n\n<p>In den vergangenen Monaten haben wir miterlebt, wie (zivilgesellschaftliche wie staatliche) Institutionen Fl\u00fcchtlinge in &#8222;gute, verdiente&#8220; und schwarze und braune Fl\u00fcchtlinge kategorisiert haben. Die lauten Stimmen, die diese wei\u00dfe Vorherrschaft kritisieren, wollen mehr als &#8222;Mitgef\u00fchl und Empathie&#8220; von Ihnen. Sie f\u00fchren uns in die Richtung einer politischen Gemeinschaft, in der, wie Arendt es formulierte, &#8222;wir nicht nach den Merkmalen beurteilt werden, die uns bei der Geburt bestimmen, sondern nach unseren Handlungen und Meinungen, nach dem, was wir tun und sagen und denken&#8220;! Die Logik der Empathie, des Altruismus, des &#8222;es h\u00e4tte auch mich oder meine Verwandten treffen k\u00f6nnen&#8220; funktioniert hier nicht. Sie werden weder im Mittelmeer ertrinken, noch werden Sie an der ungarischen Grenze von einer Kamerafrau \u00fcberfahren, w\u00e4hrend Sie ein Kind im Arm halten.<\/p>\n\n\n\n<p>Doch damit ein &#8222;menschliches Miteinander&#8220; m\u00f6glich oder auch nur vorstellbar ist, f\u00fcr eine Gesellschaft, der wir uns alle zugeh\u00f6rig f\u00fchlen, m\u00fcssen wir alle unseren Beitrag leisten. Wir sind es leid, mit uns selbst zu reden, uns selbst zuzuh\u00f6ren, uns selbst aus dem Burnout zu holen, nur um festzustellen, dass wir unser eigenes Publikum sind, w\u00e4hrend wir das Grundrecht auf politische Beteiligung, das Wahlrecht, nicht haben. Verbunden mit einem Schmerz, den jeder von uns individuell erfahren hat, sehen wir in unserem Kampf nicht nur f\u00fcr unsere Rechte, sondern auch f\u00fcr die Gleichheit und die W\u00fcrde des Menschen in der Gesellschaft, in der wir leben, immer Menschen &#8222;wie uns&#8220;.<\/p>\n\n\n\n<p>Wie Yvonne Esi M\u00fcller, Landesvorsitzende in NRW &amp; im Bundesvorstand von Die Urbane bei unserer letzten Kundgebung ausrufen musste, m\u00fcssen wir fragen &#8222;wo seid ihr Leute? Ihr, die ihr Selfies mit der Kuppel macht, uns aber ungesehen und ungeh\u00f6rt lasst?&#8220; Angesichts eines Staates und politischer Parteien, die immer wieder die Alterit\u00e4t anprangern und das Anderssein des Anderen als gef\u00e4hrlich darstellen, bleibt uns nichts anderes \u00fcbrig, als ein politisches Narrativ zu entwickeln, das Nicht-B\u00fcrger weder als kulturelles Dekorationsobjekt noch als Bedrohung darstellt, sondern als g\u00fcltige und relevante soziale Akteure. Wir brauchen einen politischen Diskurs, der den Aufbau von Solidarit\u00e4t und Koalitionen erm\u00f6glicht, aber nicht die Last des gesamten Kampfes nur den am meisten Unterdr\u00fcckten mit dem geringsten Zugang zu Ressourcen aufb\u00fcrdet. Gerade deshalb, weil Sie nicht die Fl\u00fcchtlinge sind, haben Sie die Verantwortung, zuzuh\u00f6ren und Ihre Stimme f\u00fcr eine inklusive Demokratie zu erheben. Unterst\u00fctzen Sie uns in unserem Kampf um das Wahlrecht, um sich daran zu erinnern, dass es ein Recht ist und kein Privileg, das nur den Menschen mit dem richtigen Pass zusteht! Sie k\u00f6nnen w\u00e4hlen und Sie k\u00f6nnen f\u00fcr das &#8222;Leben&#8220; stimmen!<\/p>\n\n\n\n<p>&#8222;Du sollst nicht t\u00f6ten&#8220;! Das ist es, was ein menschliches Gesicht dem anderen sagt (mit den Worten von Levinas). Mit der Verletzlichkeit eines Abweichlers gegen\u00fcber der Nation und im Angesicht der Gewalt ist meine Geschichte mein Gesicht, und sag mir, welche Antwort sollte ich von dir erwarten, dem Wei\u00dfen, der mein Freund sein muss, es aber noch nicht wei\u00df?<\/p>\n\n\n\n<p>Zum vollst\u00e4ndigen Artikel: https:\/\/medienvielfalt.net\/index.php\/2022\/05\/why-nicht-ohne-uns-14-prozent\/<\/p>\n\n\n\n<h1 class=\"wp-block-heading\">Spotlight auf (not) okay Podcast in N\u00fcrnberg<\/h1>\n\n\n\n<p><strong>Ein Interview mit der Redaktion<\/strong><\/p>\n\n\n\n<figure class=\"wp-block-image size-full\"><img loading=\"lazy\" decoding=\"async\" width=\"1024\" height=\"683\" src=\"https:\/\/medienvielfalt.net\/wp-content\/uploads\/2022\/05\/2.jpg\" alt=\"\" class=\"wp-image-1078\" srcset=\"https:\/\/medienvielfalt.net\/wp-content\/uploads\/2022\/05\/2.jpg 1024w, https:\/\/medienvielfalt.net\/wp-content\/uploads\/2022\/05\/2-300x200.jpg 300w, https:\/\/medienvielfalt.net\/wp-content\/uploads\/2022\/05\/2-768x512.jpg 768w, https:\/\/medienvielfalt.net\/wp-content\/uploads\/2022\/05\/2-930x620.jpg 930w\" sizes=\"auto, (max-width: 1024px) 100vw, 1024px\" \/><\/figure>\n\n\n\n<p>Die letzten Jahre haben sich durch leistungsorientierte Politik, Pandemie, Klimawandel und Kriege negativ auf die Situation seelischer Gesundheit ausgewirkt. Umso wichtiger ist die Erkenntnis, dass in den letzten Monaten immer h\u00e4ufiger \u00fcber das Thema gesprochen wird. Dass wir dar\u00fcber sprechen k\u00f6nnen ist vor allem auch durch Aufkl\u00e4rungsarbeit, wie des (not) okay Podcasts des &#8222;netzwerk medien.vielfalt!&#8220; erst m\u00f6glich. Denn nicht erst seit gestern besch\u00e4ftigt sich der Anti-Stigma-Podcast realistisch, kritisch und empowernd mit den Themen Psyche, Krankheit, Gesundheit, Stereotype und (Ent-)Stigmatisierung.<\/p>\n\n\n\n<p>F\u00fcr unsere neue Rubrik \u201eIm Portrait\u201c haben wir uns mit Yumn und Megha vom (not) okay Podcast unterhalten. Im Beitrag erfahrt ihr mehr \u00fcber die Themen des Podcasts und warum es wichtig ist die Lebenswelt von Menschen mit psychischen Erkrankungen sichtbar zu machen. Das ganze Interview findet ihr hier: <a href=\"https:\/\/medienvielfalt.net\/index.php\/2022\/05\/im-portrait-not-okay-podcast\/\">https:\/\/medienvielfalt.net\/index.php\/2022\/05\/im-portrait-not-okay-podcast\/<\/a><\/p>\n\n\n\n<figure class=\"wp-block-image size-full\"><img loading=\"lazy\" decoding=\"async\" width=\"671\" height=\"1010\" src=\"https:\/\/medienvielfalt.net\/wp-content\/uploads\/2022\/05\/3.jpg\" alt=\"\" class=\"wp-image-1080\" srcset=\"https:\/\/medienvielfalt.net\/wp-content\/uploads\/2022\/05\/3.jpg 671w, https:\/\/medienvielfalt.net\/wp-content\/uploads\/2022\/05\/3-199x300.jpg 199w\" sizes=\"auto, (max-width: 671px) 100vw, 671px\" \/><\/figure>\n\n\n\n<h1 class=\"wp-block-heading\">Portrait der Netzwerksillustrators Alhassane<\/h1>\n\n\n\n<p><strong>Alhassane, du bist Teil des Netzwerks medien.vielfalt! Was sind deine verschiedenen Rollen in diesem Netzwerk?<\/strong><\/p>\n\n\n\n<p>Ich versuche, bei Bedarf Ideen einzubringen, an Diskussionen \u00fcber die vom gesamten Netzwerk vorgeschlagenen Ideen teilzunehmen, sie zu unterst\u00fctzen und meinen Senf dazuzugeben. Wenn es darum geht, Skizzen oder auch Illustrationen anzufertigen oder ein paar Texte beizusteuern, unterst\u00fctze ich gerne.<\/p>\n\n\n\n<p><strong>Du bist der Hauptillustrator der Netzwerkausstellung &#8222;Nothing about us without us&#8220;, die zum ersten Mal auf der No Lager-Konferenz in G\u00f6ttingen gezeigt werden wird! Was hat dich zur Illustration gebracht? Wie ist es zu deiner Leidenschaft geworden?<\/strong><\/p>\n\n\n\n<p>Ich mag Inspirationen und dadurch ist es zu meiner Leidenschaft geworden. Ich lasse mich von einer Idee inspirieren und versuche, sie in Form eines Zeichens oder einer Skizze oder eigentlich in Schriftform darzustellen. Das war schon als Kind eine Leidenschaft f\u00fcr mich: Ich will Illustrationen machen. Ich nehme Inspirationen auf und setze sie schriftlich oder in Illustrationen oder in Liedtexten um. Ich m\u00f6chte meine Sicht der Dinge darstellen. Es hilft mir, Schwierigkeiten zu \u00fcberwinden. Es beruhigt mich eigentlich auch, wenn ich verwirrt bin oder mich in tiefen Gedanken befinde.<\/p>\n\n\n\n<p><strong>Ist es f\u00fcr dich etwas Politisches, zu zeichnen oder zu schreiben?<\/strong><\/p>\n\n\n\n<p>Ich dr\u00fccke mich durch Zeichnungen und Texte aus und das ist politisch.<\/p>\n\n\n\n<p><strong>Wie ist deine Meinung zu Coulourful Voices und dem netzwerk medien.vielfalt!?<\/strong><\/p>\n\n\n\n<p>Ich finde, es ist eine Initiative, die ich heute begr\u00fc\u00dfe, weil es eine Plattform ist, die es Migrantinnen und Migranten verschiedener Nationalit\u00e4ten erm\u00f6glicht, sich auszudr\u00fccken, ihre Meinung zu bestimmten Themen zu \u00e4u\u00dfern und sich Geh\u00f6r zu verschaffen. Meiner Meinung nach ist diese Meinungsfreiheit ein gro\u00dfer Pluspunkt in diesem Netzwerk. Es ist eine gro\u00dfe Chance f\u00fcr die Migrant:innen, die Teil des Netzwerks sind, sich auszudr\u00fccken, ihre Meinung zu \u00e4u\u00dfern und sich ihm wirklich anzuschlie\u00dfen. Das ist eigentlich eine Sache der Zukunft!<\/p>\n\n\n\n<p>Zum vollst\u00e4ndigen Portr\u00e4t: <a href=\"https:\/\/medienvielfalt.net\/index.php\/2022\/05\/im-portrait-alhassane\/\">https:\/\/medienvielfalt.net\/index.php\/2022\/05\/im-portrait-alhassane\/<\/a><\/p>\n\n\n\n<h1 class=\"wp-block-heading\">Save the Dates<\/h1>\n\n\n\n<p><strong>No Lager Konferenz<\/strong><\/p>\n\n\n\n<p>Das netzwerk medien.vielfalt! beteiligt sich an der Konferenz \u201eNo Lager \u2013 Break Isolation\u201c vom 10. bis 12. Juni in G\u00f6ttingen.<\/p>\n\n\n\n<p>Dort treffen sich Gefl\u00fcchtete und antirassistische Organisation, um sich auszutauschen und ihre Arbeit bundesweit zu verbinden \u2013 da d\u00fcrfen wir nicht fehlen!<\/p>\n\n\n\n<p>Wir werden dort einen Radioworkshop f\u00fcr Interessierte anbieten und gemeinsam von der Konferenz berichten. Und wir zeigen dort auch endlich unsere Ausstellung.<\/p>\n\n\n\n<p>Kommt mit uns nach G\u00f6ttingen!<\/p>\n\n\n\n<p><strong>Radiocamp am Bodensee<\/strong><\/p>\n\n\n\n<p>Unser n\u00e4chstes Netzwerktreffen findet vom 25. bis 29. Mai auf dem Radiocamp am Bodensee statt.<\/p>\n\n\n\n<p>Neben unserer eigenen Vernetzung gibt es dort viele Workshops rund ums Radiomachen: Von hochpolitischen Debatten \u00fcber verspielte Radiokunst und musikalische H\u00f6henfl\u00fcge bis zu grundlegendem journalistischen Handwerkszeug und Sprechtrainings ist alles vertreten.<\/p>\n\n\n\n<p>Hier trefft ihr Aktive aus verschiedenen Radios im deutschsprachigen Raum.<\/p>\n\n\n\n<p>Mehr Infos und Anmeldung unter:<\/p>\n\n\n\n<p><a href=\"https:\/\/radioca.mp\/\">https:\/\/radioca.mp\/<\/a><\/p>\n\n\n\n<p>Das waren die Neuigkeiten vom netzwerk medien.vielfalt! diesen Monat. Der n\u00e4chste Newsletter erscheint am 15. Juni.<\/p>\n\n\n\n<p>Wir w\u00fcrden uns freuen, wenn Ihr den Newsletter an Interessierte weiterleiten k\u00f6nntet. Wenn ihr euch f\u00fcr das Netzwerk interessiert und Teil davon werden wollt, schreibt gerne an info@medienvielfalt.net.<\/p>\n\n\n\n<p>Viele Gr\u00fc\u00dfe<\/p>\n\n\n\n<p>Pauline Menghini f\u00fcr das netwerk medien.vielfalt!<\/p>\n\n\n\n<p><strong>Fran\u00e7ais<\/strong><\/p>\n\n\n\n<hr class=\"wp-block-separator\"\/>\n\n\n\n<h2 class=\"wp-block-heading\" id=\"fr-francaise\">Fran\u00e7ais<\/h2>\n\n\n\n<p>Ch\u00e8r.e.s abonn\u00e9.e.s de Colourful Voices, ch\u00e8res radios libres,<\/p>\n\n\n\n<p>Voici la newsletter de mai du &#8222;r\u00e9seau medien.vielfalt!\u201c Cette newsletter est \u00e9galement disponible en allemand et en anglais. Pour cela, cliquez sur les liens ci-dessous. Nous nous r\u00e9jouissons de vos r\u00e9actions et de vos suggestions. Bonne lecture !<\/p>\n\n\n\n<figure class=\"wp-block-image size-large\"><img loading=\"lazy\" decoding=\"async\" width=\"1024\" height=\"684\" src=\"https:\/\/medienvielfalt.net\/wp-content\/uploads\/2022\/05\/1-1024x684.jpg\" alt=\"\" class=\"wp-image-1079\" srcset=\"https:\/\/medienvielfalt.net\/wp-content\/uploads\/2022\/05\/1-1024x684.jpg 1024w, https:\/\/medienvielfalt.net\/wp-content\/uploads\/2022\/05\/1-300x200.jpg 300w, https:\/\/medienvielfalt.net\/wp-content\/uploads\/2022\/05\/1-768x513.jpg 768w, https:\/\/medienvielfalt.net\/wp-content\/uploads\/2022\/05\/1-930x620.jpg 930w, https:\/\/medienvielfalt.net\/wp-content\/uploads\/2022\/05\/1.jpg 1078w\" sizes=\"auto, (max-width: 1024px) 100vw, 1024px\" \/><\/figure>\n\n\n\n<h1 class=\"wp-block-heading\">Pourquoi &#8222;Pas sans nous 14% pour cent&#8220; ?<\/h1>\n\n\n\n<p><strong>un texte de Mahtab Mahboub<\/strong><\/p>\n\n\n\n<p>Au cours des derniers mois, nous avons assist\u00e9 \u00e0 la cat\u00e9gorisation des r\u00e9fugi\u00e9s par les institutions (de la soci\u00e9t\u00e9 civile et de l&#8217;\u00c9tat) en r\u00e9fugi\u00e9s &#8222;bons et m\u00e9ritants&#8220; et en r\u00e9fugi\u00e9s noirs et bruns. Les voix fortes qui critiquent cette supr\u00e9matie blanche veulent plus que de la &#8222;compassion et de l&#8217;empathie&#8220; de votre part. Elles nous entra\u00eenent vers une communaut\u00e9 politique dans laquelle, comme le disait Arendt, &#8222;nous ne sommes pas jug\u00e9s selon les caract\u00e9ristiques qui nous d\u00e9terminent \u00e0 la naissance, mais selon nos actions et nos opinions, selon ce que nous faisons et disons et pensons&#8220;! La logique de l&#8217;empathie, de l&#8217;altruisme, du &#8222;cela aurait pu m&#8217;arriver \u00e0 moi ou \u00e0 mes proches&#8220; ne fonctionne pas ici. Vous ne vous noyez pas dans la M\u00e9diterran\u00e9e, ni ne vous faites \u00e9craser par une camerawoman \u00e0 la fronti\u00e8re hongroise alors que vous tenez un enfant dans vos bras.<\/p>\n\n\n\n<p>Mais pour qu&#8217;une &#8222;coexistence humaine&#8220; soit possible ou m\u00eame imaginable, pour une soci\u00e9t\u00e9 \u00e0 laquelle nous nous sentons tous appartenir, nous devons tous apporter notre contribution. Nous sommes fatigu\u00e9s de nous parler \u00e0 nous-m\u00eames, de nous \u00e9couter, de nous sortir du burnout, pour constater que nous sommes notre propre public, alors que nous n&#8217;avons pas le droit fondamental de participer \u00e0 la politique, le droit de vote. Li\u00e9s \u00e0 une douleur que chacun d&#8217;entre nous a v\u00e9cue individuellement, nous voyons toujours des gens &#8222;comme nous&#8220; dans notre lutte non seulement pour nos droits, mais aussi pour l&#8217;\u00e9galit\u00e9 et la dignit\u00e9 de l&#8217;\u00eatre humain dans la soci\u00e9t\u00e9 dans laquelle nous vivons.<\/p>\n\n\n\n<p>Comme devait s&#8217;exclamer Yvonne Esi M\u00fcller, pr\u00e9sidente r\u00e9gionale en Rh\u00e9nanie-du-Nord-Westphalie &amp; membre du bureau f\u00e9d\u00e9ral de Die Urbane lors de notre derni\u00e8re manifestation, nous devons demander &#8222;o\u00f9 \u00eates-vous les gens ? Vous qui prenez des selfies avec la coupole, mais qui nous laissez invisibles et inaudibles&#8220; ? Face \u00e0 un \u00c9tat et des partis politiques qui ne cessent de d\u00e9noncer l&#8217;alt\u00e9rit\u00e9 et de pr\u00e9senter la diff\u00e9rence de l&#8217;autre comme dangereuse, nous n&#8217;avons d&#8217;autre choix que de d\u00e9velopper un r\u00e9cit politique qui ne pr\u00e9sente les non-citoyens ni comme un objet de d\u00e9coration culturelle ni comme une menace, mais comme des acteurs sociaux valides et pertinents. Nous avons besoin d&#8217;un discours politique qui permette la construction de la solidarit\u00e9 et des coalitions, mais qui ne fasse pas peser le poids de toute la lutte uniquement sur les plus opprim\u00e9s ayant le moins acc\u00e8s aux ressources. C&#8217;est pr\u00e9cis\u00e9ment parce que vous n&#8217;\u00eates pas des r\u00e9fugi\u00e9s que vous avez la responsabilit\u00e9 d&#8217;\u00e9couter et de faire entendre votre voix pour une d\u00e9mocratie inclusive. Soutenez-nous dans notre lutte pour le droit de vote, pour vous rappeler qu&#8217;il s&#8217;agit d&#8217;un droit et non d&#8217;un privil\u00e8ge r\u00e9serv\u00e9 aux personnes disposant du bon passeport ! Vous pouvez voter et vous pouvez voter pour la &#8222;vie&#8220; !<\/p>\n\n\n\n<p>&#8222;Tu ne tueras point&#8220; ! C&#8217;est ce qu&#8217;un visage humain dit \u00e0 un autre (avec les mots de Levinas). Avec la vuln\u00e9rabilit\u00e9 d&#8217;un d\u00e9viant face \u00e0 la nation et face \u00e0 la violence, mon histoire est mon visage, et dis-moi quelle r\u00e9ponse je devrais attendre de toi, le Blanc qui doit \u00eatre mon ami mais qui ne le sait pas encore ?<\/p>\n\n\n\n<p>Pour lire l&#8217;article complet : <a href=\"https:\/\/medienvielfalt.net\/index.php\/2022\/05\/why-nicht-ohne-uns-14-prozent\/\">https:\/\/medienvielfalt.net\/index.php\/2022\/05\/why-nicht-ohne-uns-14-prozent\/<\/a><\/p>\n\n\n\n<h1 class=\"wp-block-heading\">Coup de projecteur sur (not) okay Podcast \u00e0 Nuremberg<\/h1>\n\n\n\n<p><strong>Un entretien avec la r\u00e9daction<\/strong><\/p>\n\n\n\n<figure class=\"wp-block-image size-full\"><img loading=\"lazy\" decoding=\"async\" width=\"1024\" height=\"683\" src=\"https:\/\/medienvielfalt.net\/wp-content\/uploads\/2022\/05\/2.jpg\" alt=\"\" class=\"wp-image-1078\" srcset=\"https:\/\/medienvielfalt.net\/wp-content\/uploads\/2022\/05\/2.jpg 1024w, https:\/\/medienvielfalt.net\/wp-content\/uploads\/2022\/05\/2-300x200.jpg 300w, https:\/\/medienvielfalt.net\/wp-content\/uploads\/2022\/05\/2-768x512.jpg 768w, https:\/\/medienvielfalt.net\/wp-content\/uploads\/2022\/05\/2-930x620.jpg 930w\" sizes=\"auto, (max-width: 1024px) 100vw, 1024px\" \/><\/figure>\n\n\n\n<p>Ces derni\u00e8res ann\u00e9es, la politique ax\u00e9e sur la performance, la pand\u00e9mie, le changement climatique et les guerres ont eu un impact n\u00e9gatif sur la situation de la sant\u00e9 mentale. Il est d&#8217;autant plus important de reconna\u00eetre que ces derniers mois, on parle de plus en plus de ce sujet.&nbsp; Le fait que nous puissions en parler n&#8217;est possible que gr\u00e2ce au travail d&#8217;information, comme le podcast (not) okay du &#8222;netzwerk medien.vielfalt ! Car ce n&#8217;est pas d&#8217;hier que le podcast anti-stigmatisation traite de mani\u00e8re r\u00e9aliste, critique et empowerment des th\u00e8mes de la psych\u00e9, de la maladie, de la sant\u00e9, des st\u00e9r\u00e9otypes et de la (d\u00e9)stigmatisation.<br><br>Pour notre nouvelle rubrique &#8222;Portrait&#8220;, nous nous sommes entretenus avec Yumn et Megha du podcast (not) okay. Dans cet article, vous en apprendrez plus sur les th\u00e8mes du podcast et pourquoi il est important de rendre visible le v\u00e9cu des personnes atteintes de maladies psychiques.<\/p>\n\n\n\n<p>Vous trouverez l&#8217;interview compl\u00e8te ici : <a href=\"https:\/\/medienvielfalt.net\/index.php\/2022\/05\/im-portrait-not-okay-podcast\/\">https:\/\/medienvielfalt.net\/index.php\/2022\/05\/im-portrait-not-okay-podcast\/<\/a><\/p>\n\n\n\n<figure class=\"wp-block-image size-full\"><img loading=\"lazy\" decoding=\"async\" width=\"671\" height=\"1010\" src=\"https:\/\/medienvielfalt.net\/wp-content\/uploads\/2022\/05\/3.jpg\" alt=\"\" class=\"wp-image-1080\" srcset=\"https:\/\/medienvielfalt.net\/wp-content\/uploads\/2022\/05\/3.jpg 671w, https:\/\/medienvielfalt.net\/wp-content\/uploads\/2022\/05\/3-199x300.jpg 199w\" sizes=\"auto, (max-width: 671px) 100vw, 671px\" \/><\/figure>\n\n\n\n<h1 class=\"wp-block-heading\">Portrait de l&#8217;illustrateur de r\u00e9seau Alhassane<\/h1>\n\n\n\n<p><strong>Alhassane, tu fais partie du r\u00e9seau medien.vielfalt ! Quels sont tes diff\u00e9rents r\u00f4les dans ce r\u00e9seau ?<\/strong><\/p>\n\n\n\n<p>J&#8217;essaie d&#8217;apporter des id\u00e9es lorsque c&#8217;est n\u00e9cessaire, de participer aux discussions sur les id\u00e9es propos\u00e9es par l&#8217;ensemble du r\u00e9seau, de les soutenir et d&#8217;apporter mon grain de sel. S&#8217;il s&#8217;agit de r\u00e9aliser des croquis ou des illustrations ou d&#8217;apporter quelques textes, j&#8217;apporte volontiers mon soutien.<\/p>\n\n\n\n<p><strong>Tu es l&#8217;illustrateur principal de l&#8217;exposition en r\u00e9seau &#8222;Nothing about us without us&#8220;, qui sera pr\u00e9sent\u00e9e pour la premi\u00e8re fois lors de la conf\u00e9rence No Lager \u00e0 G\u00f6ttingen ! Qu&#8217;est-ce qui t&#8217;a amen\u00e9 \u00e0 l&#8217;illustration ? Comment est-ce devenu ta passion ?<\/strong><\/p>\n\n\n\n<p>J&#8217;aime l&#8217;inspiration et c&#8217;est ainsi que c&#8217;est devenu ma passion. Je m&#8217;inspire d&#8217;une id\u00e9e et j&#8217;essaie de la repr\u00e9senter sous forme de dessin ou d&#8217;esquisse, ou en fait sous forme d&#8217;\u00e9criture.&nbsp; C&#8217;\u00e9tait d\u00e9j\u00e0 une passion pour moi quand j&#8217;\u00e9tais enfant : je veux faire des illustrations. Je prends des inspirations et je les transpose par \u00e9crit ou sous forme d&#8217;illustrations ou de paroles de chansons. Je veux pr\u00e9senter ma vision des choses. Cela m&#8217;aide \u00e0 surmonter les difficult\u00e9s. En fait, cela m&#8217;apaise aussi lorsque je suis confus ou en proie \u00e0 des pens\u00e9es profondes.<\/p>\n\n\n\n<p><strong>Est-ce que dessiner ou \u00e9crire a quelque chose de politique pour toi ?<\/strong><\/p>\n\n\n\n<p>Je m&#8217;exprime \u00e0 travers des dessins et des textes, et c&#8217;est politique.<\/p>\n\n\n\n<p><strong>Quel est ton avis sur Coulourful Voices et le r\u00e9seau medien.vielfalt !&nbsp;?<\/strong><\/p>\n\n\n\n<p>Je trouve que c&#8217;est une initiative que je salue aujourd&#8217;hui, car c&#8217;est une plateforme qui permet aux migrants de diff\u00e9rentes nationalit\u00e9s de s&#8217;exprimer, de donner leur avis sur certains sujets et de se faire entendre. \u00c0 mon avis, cette libert\u00e9 d&#8217;expression est un grand atout dans ce r\u00e9seau. C&#8217;est une grande chance pour les migrants qui font partie du r\u00e9seau de s&#8217;exprimer, de donner leur avis et d&#8217;y adh\u00e9rer vraiment. C&#8217;est en fait une affaire d&#8217;avenir !<br><br><\/p>\n\n\n\n<p>Pour le portrait complet : https:\/\/medienvielfalt.net\/index.php\/2022\/05\/im-portrait-alhassane\/<\/p>\n\n\n\n<h1 class=\"wp-block-heading\">Save the Dates<\/h1>\n\n\n\n<p><strong>Conf\u00e9rence No Lager<\/strong><\/p>\n\n\n\n<p>Le r\u00e9seau medien.vielfalt ! participe \u00e0 la conf\u00e9rence &#8222;No Lager &#8211; Break Isolation&#8220; du 10 au 12 juin \u00e0 G\u00f6ttingen.<\/p>\n\n\n\n<p>Des personnes en fuite et des organisations antiracistes s&#8217;y rencontrent pour \u00e9changer et relier leur travail \u00e0 l&#8217;\u00e9chelle nationale &#8211; nous ne pouvons pas y manquer !<\/p>\n\n\n\n<p>Nous y proposerons un atelier radio pour les personnes int\u00e9ress\u00e9es et ferons un compte-rendu commun de la conf\u00e9rence. Si possible, nous y pr\u00e9senterons enfin notre exposition.<\/p>\n\n\n\n<p>Venez avec nous \u00e0 G\u00f6ttingen !<\/p>\n\n\n\n<p><strong>Radiocamp au lac de Constance<\/strong><\/p>\n\n\n\n<p>Notre prochaine rencontre de r\u00e9seau aura lieu du 25 au 29 mai lors du Radiocamp au lac de Constance.<\/p>\n\n\n\n<p>Outre notre propre mise en r\u00e9seau, nous y organiserons de nombreux ateliers autour de la cr\u00e9ation radiophonique : De d\u00e9bats hautement politiques \u00e0 l&#8217;art radiophonique ludique, en passant par des envol\u00e9es musicales, des outils journalistiques de base et des formations \u00e0 la prise de parole, tout y est.<\/p>\n\n\n\n<p>Vous y rencontrerez des actifs de diff\u00e9rentes radios de l&#8217;espace germanophone.<\/p>\n\n\n\n<p>Plus d&#8217;infos et inscription sous :<\/p>\n\n\n\n<p><a href=\"https:\/\/radioca.mp\/\">https:\/\/radioca.mp\/<\/a><\/p>\n\n\n\n<p>C&#8217;\u00e9tait les nouvelles du netzwerk medien.vielfalt! ce mois-ci. La prochaine newsletter sera publi\u00e9e le 15 juin.<\/p>\n\n\n\n<p>Nous serions heureux et heureuses si vous pouviez transmettre la newsletter aux personnes int\u00e9ress\u00e9es. Si vous \u00eates int\u00e9ress\u00e9.e.s par le r\u00e9seau et que vous souhaitez en faire partie, n&#8217;h\u00e9sitez pas \u00e0 \u00e9crire \u00e0 info@medienvielfalt.net.<\/p>\n\n\n\n<p>Avec nos meilleures salutations<\/p>\n\n\n\n<p>Pauline Menghini pour le netwerk medien.vielfalt!<\/p>\n\n\n\n<p><strong><br><\/strong><\/p>\n\n\n\n<p><\/p>\n\n\n\n<hr class=\"wp-block-separator\"\/>\n\n\n\n<h2 class=\"wp-block-heading\" id=\"en-english\">English<\/h2>\n\n\n\n<p>Dear subscribers of Colourful Voices, dear free radios,<\/p>\n\n\n\n<p>Here comes the Mai newsletter of the &#8222;netzwerk medien.vielfalt!&#8220;. This newsletter is also available in French and English. Click on the links below. We look forward to your feedback and suggestions. Have fun reading!<\/p>\n\n\n\n<figure class=\"wp-block-image size-large\"><img loading=\"lazy\" decoding=\"async\" width=\"1024\" height=\"684\" src=\"https:\/\/medienvielfalt.net\/wp-content\/uploads\/2022\/05\/1-1024x684.jpg\" alt=\"\" class=\"wp-image-1079\" srcset=\"https:\/\/medienvielfalt.net\/wp-content\/uploads\/2022\/05\/1-1024x684.jpg 1024w, https:\/\/medienvielfalt.net\/wp-content\/uploads\/2022\/05\/1-300x200.jpg 300w, https:\/\/medienvielfalt.net\/wp-content\/uploads\/2022\/05\/1-768x513.jpg 768w, https:\/\/medienvielfalt.net\/wp-content\/uploads\/2022\/05\/1-930x620.jpg 930w, https:\/\/medienvielfalt.net\/wp-content\/uploads\/2022\/05\/1.jpg 1078w\" sizes=\"auto, (max-width: 1024px) 100vw, 1024px\" \/><\/figure>\n\n\n\n<h1 class=\"wp-block-heading\">Why &#8222;Not without us 14%&#8220;?<\/h1>\n\n\n\n<p><strong>a text by Mahtab Mahboub<\/strong><\/p>\n\n\n\n<p>In the past months, we have witnessed how (civil society as well as state run) institutions categorized refugees into \u201cgood, deserving ones\u201d and black and brown ones. The loud voices criticizing this white supremacy want more than \u201ccompassion and empathy\u201d from you. They are leading us in the direction of a political community in which, as Arendt put it, \u201cwe are judged not through the characteristics which define us at birth, but through our actions and opinions, by what we do and say and think\u201d! The empathy logic, the altruism, the \u201cit could have been me or my relatives\u201d logic doesn\u2019t work here. You will not be drowning at the Mediterranean, nor will you be tripped by a camerawoman at the Hungarian border while holding a child in your arms.<\/p>\n\n\n\n<p>Yet, for any \u201chuman togetherness\u201d to be possible or even imaginable, for a society to which we all feel belonged, we all must pay our fair share. We are tired of talking to ourselves, listening to ourselves, pushing ourselves out of burnouts just to see that we are our own audience while not having the fundamental right for political participation, the right to vote. Linked with a pain each of us experienced individually, we always see people \u201clike us\u201d in our struggles not just for our rights but for human equality and dignity in the society we live in.<\/p>\n\n\n\n<p>As Yvonne Esi M\u00fcller, Landesvorsitzende in NRW &amp; im Bundesvorstand from Die Urbane had to cry out in our latest rally, we need to ask \u201cwhere are you people? You, the people taking selfies with the Dome but leaving us unseen and unheard?\u201d At the face of a state and political parties always flagging alterity and making the other\u2019s difference dangerous to disclose, we have no way but to develop a political narrative that represents non-citizens neither a cultural decorative object, nor a threat but a valid and relevant social agent. We need a political discourse that makes building up solidarity and coalitions possible but doesn\u2019t put the burden of all the struggle only on the most oppressed with the least access to resources. For this very same reason that you are not the fleeing refugees, you have the responsibility to listen and to raise your voice for an inclusive democracy. Stand with us in our fight for gaining the right to vote, for remembering that it is a right and not a privilege exclusive to the people with the right passport! You can vote and you can vote in favor of \u201clife\u201d!<\/p>\n\n\n\n<p>\u201cThou shalt not kill\u201d! This is what a human face says to the other (in Levinas\u2019s words). With the vulnerability of a deviant to the nation, and at the face of violence, my story is my face and tell me, what response should I expect from you, the White Person Who Needs to Be My Friend, But Doesn\u2019t Know It Yet?<\/p>\n\n\n\n<p>To the full article: <a href=\"https:\/\/medienvielfalt.net\/index.php\/2022\/05\/why-nicht-ohne-uns-14-prozent\/\">https:\/\/medienvielfalt.net\/index.php\/2022\/05\/why-nicht-ohne-uns-14-prozent\/<\/a><\/p>\n\n\n\n<h1 class=\"wp-block-heading\">Spotlight on (not) okay Podcast in Nuremberg<\/h1>\n\n\n\n<p><strong>An interview with the editors<\/strong><\/p>\n\n\n\n<figure class=\"wp-block-image size-full\"><img loading=\"lazy\" decoding=\"async\" width=\"1024\" height=\"683\" src=\"https:\/\/medienvielfalt.net\/wp-content\/uploads\/2022\/05\/2.jpg\" alt=\"\" class=\"wp-image-1078\" srcset=\"https:\/\/medienvielfalt.net\/wp-content\/uploads\/2022\/05\/2.jpg 1024w, https:\/\/medienvielfalt.net\/wp-content\/uploads\/2022\/05\/2-300x200.jpg 300w, https:\/\/medienvielfalt.net\/wp-content\/uploads\/2022\/05\/2-768x512.jpg 768w, https:\/\/medienvielfalt.net\/wp-content\/uploads\/2022\/05\/2-930x620.jpg 930w\" sizes=\"auto, (max-width: 1024px) 100vw, 1024px\" \/><\/figure>\n\n\n\n<p>The last few years have had a negative impact on the situation of mental health due to performance-oriented politics, pandemic, climate change and wars. It is therefore all the more important to recognize that the topic has been talked about more and more frequently in recent months.&nbsp; The fact that we can speak about it is above all also possible by clearing-up work, like the (not) okay Podcast of the &#8222;network medien.vielfalt! Because not only since yesterday the anti-stigma podcast deals realistically, critically and empowering with the topics psyche, illness, health, stereotypes and (de-)stigmatization.<br><br>For our new column &#8222;In Portrait&#8220; we talked to Yumn and Megha from the (not) okay Podcast. In the article you can learn more about the topics of the podcast and why it is important to make the lives of people with mental illness visible.<\/p>\n\n\n\n<p>You can find the whole interview here: <a href=\"https:\/\/medienvielfalt.net\/index.php\/2022\/05\/im-portrait-not-okay-podcast\/\">https:\/\/medienvielfalt.net\/index.php\/2022\/05\/im-portrait-not-okay-podcast\/<\/a><\/p>\n\n\n\n<figure class=\"wp-block-image size-full\"><img loading=\"lazy\" decoding=\"async\" width=\"671\" height=\"1010\" src=\"https:\/\/medienvielfalt.net\/wp-content\/uploads\/2022\/05\/3.jpg\" alt=\"\" class=\"wp-image-1080\" srcset=\"https:\/\/medienvielfalt.net\/wp-content\/uploads\/2022\/05\/3.jpg 671w, https:\/\/medienvielfalt.net\/wp-content\/uploads\/2022\/05\/3-199x300.jpg 199w\" sizes=\"auto, (max-width: 671px) 100vw, 671px\" \/><\/figure>\n\n\n\n<h1 class=\"wp-block-heading\">Portrait of the network illustrator Alhassane<\/h1>\n\n\n\n<p><strong>Alhassane, you are part of the network medien.vielfalt! What are your different roles in this network?<\/strong><\/p>\n\n\n\n<p>I try to contribute ideas when needed, participate in discussions about the ideas proposed by the whole network, support them and give my input. When it comes to making sketches or even illustrations, or contributing some text, I&#8217;m happy to support.<\/p>\n\n\n\n<p><strong>You are the main illustrator of the network exhibition &#8222;Nothing about us without us&#8220;, which will be shown for the first time at the No Lager conference in G\u00f6ttingen! What brought you to illustration? How did it become your passion?<\/strong><\/p>\n\n\n\n<p>I like inspiration and that&#8217;s how it became my passion. I get inspired by an idea and try to represent it in the form of a sign or a sketch or actually in writing. This has been a passion for me since I was a child: I want to make illustrations. I take inspirations and put them in writing or in illustrations or in song lyrics. I want to depict my view of things. It helps me to overcome difficulties. It actually also calms me down when I am confused or in deep thought.<\/p>\n\n\n\n<p><strong>Is it something political for you to draw or write?<\/strong><\/p>\n\n\n\n<p>I express myself through drawings and texts and that is political.<\/p>\n\n\n\n<p><strong>What is your opinion of Coulourful Voices and the network media.diversity!?<\/strong><\/p>\n\n\n\n<p>I think it&#8217;s an initiative that I welcome today because it&#8217;s a platform that allows migrants of different nationalities to express themselves, to voice their opinions on certain issues and to have their voices heard. In my opinion, this freedom of expression is a great asset in this network. It is a great opportunity for the migrants who are part of the network to express themselves, to voice their opinions and to really join it. This is actually a thing of the future!<\/p>\n\n\n\n<p>To the full portrait: <a href=\"https:\/\/medienvielfalt.net\/index.php\/2022\/05\/im-portrait-alhassane\/\">https:\/\/medienvielfalt.net\/index.php\/2022\/05\/im-portrait-alhassane\/<\/a><\/p>\n\n\n\n<h1 class=\"wp-block-heading\">Save the Dates<\/h1>\n\n\n\n<p><strong>No Lager Conference<\/strong><\/p>\n\n\n\n<p>The netzwerk medien.vielfalt! is participating in the conference &#8222;No Lager &#8211; Break Isolation&#8220; from 10 to 12 June in G\u00f6ttingen.<\/p>\n\n\n\n<p>Refugees and anti-racist organisations will meet there to exchange ideas and to connect their work nationwide &#8211; we can&#8217;t miss this!<\/p>\n\n\n\n<p>We will offer a radio workshop for interested people and report from the conference together. If possible, we will also finally show our exhibition there.<\/p>\n\n\n\n<p>Come with us to G\u00f6ttingen!<\/p>\n\n\n\n<p><strong>Radio camp at Lake Constance<\/strong><\/p>\n\n\n\n<p>Our next network meeting will take place at the Radiocamp at Lake Constance from 25 to 29 May.<\/p>\n\n\n\n<p>In addition to our own networking, there will be many workshops there on all things radio: From highly political debates to playful radio art and musical flights of fancy to basic journalistic tools and speech training, everything is represented.<\/p>\n\n\n\n<p>Here you will meet active people from different radio stations in the German-speaking countries.<\/p>\n\n\n\n<p>More info and registration at:<\/p>\n\n\n\n<p><a href=\"https:\/\/radioca.mp\/\">https:\/\/radioca.mp\/<\/a><\/p>\n\n\n\n<p>That was the news from netzwerk medien.vielfalt! this month. The next newsletter will be published on 15 June.<\/p>\n\n\n\n<p>We would be happy if you could forward the newsletter to interested people. If you are interested in the network and want to become part of it, please write to info@medienvielfalt.net.<\/p>\n\n\n\n<p>Best regards<\/p>\n\n\n\n<p>Pauline Menghini for netwerk medien.vielfalt!<\/p>\n","protected":false},"excerpt":{"rendered":"<p>Sprachen: Deutsch \/ Fran\u00e7aise \/ English Deutsch Liebe Abonent:innen von Colourful Voices, liebe Freie Radios, hier kommt der April-Newsletter vom \u201cnetzwerk medien.vielfalt!\u201d. Dieser Newsletter ist auch auf Franz\u00f6sisch und Englisch verf\u00fcgbar. Klickt daf\u00fcr auf die hier folgenden Links. Wir freuen uns auf Eure R\u00fcckmeldungen und Anregungen. Viel Spa\u00df beim Lesen! Warum \u201cNicht ohne uns 14%&hellip;&nbsp;<a href=\"https:\/\/medienvielfalt.net\/index.php\/2022\/05\/newsletter-16-05-2022\/\" rel=\"bookmark\">Weiterlesen &raquo;<span class=\"screen-reader-text\">Newsletter 16.05.2022<\/span><\/a><\/p>\n","protected":false},"author":6,"featured_media":1005,"comment_status":"open","ping_status":"open","sticky":false,"template":"","format":"standard","meta":{"_cbd_carousel_blocks":"[]","neve_meta_sidebar":"","neve_meta_container":"","neve_meta_enable_content_width":"","neve_meta_content_width":0,"neve_meta_title_alignment":"","neve_meta_author_avatar":"","neve_post_elements_order":"","neve_meta_disable_header":"","neve_meta_disable_footer":"","neve_meta_disable_title":"","_themeisle_gutenberg_block_has_review":false,"footnotes":""},"categories":[13],"tags":[],"class_list":["post-1075","post","type-post","status-publish","format-standard","has-post-thumbnail","hentry","category-newsletter"],"_links":{"self":[{"href":"https:\/\/medienvielfalt.net\/index.php\/wp-json\/wp\/v2\/posts\/1075","targetHints":{"allow":["GET"]}}],"collection":[{"href":"https:\/\/medienvielfalt.net\/index.php\/wp-json\/wp\/v2\/posts"}],"about":[{"href":"https:\/\/medienvielfalt.net\/index.php\/wp-json\/wp\/v2\/types\/post"}],"author":[{"embeddable":true,"href":"https:\/\/medienvielfalt.net\/index.php\/wp-json\/wp\/v2\/users\/6"}],"replies":[{"embeddable":true,"href":"https:\/\/medienvielfalt.net\/index.php\/wp-json\/wp\/v2\/comments?post=1075"}],"version-history":[{"count":3,"href":"https:\/\/medienvielfalt.net\/index.php\/wp-json\/wp\/v2\/posts\/1075\/revisions"}],"predecessor-version":[{"id":1085,"href":"https:\/\/medienvielfalt.net\/index.php\/wp-json\/wp\/v2\/posts\/1075\/revisions\/1085"}],"wp:featuredmedia":[{"embeddable":true,"href":"https:\/\/medienvielfalt.net\/index.php\/wp-json\/wp\/v2\/media\/1005"}],"wp:attachment":[{"href":"https:\/\/medienvielfalt.net\/index.php\/wp-json\/wp\/v2\/media?parent=1075"}],"wp:term":[{"taxonomy":"category","embeddable":true,"href":"https:\/\/medienvielfalt.net\/index.php\/wp-json\/wp\/v2\/categories?post=1075"},{"taxonomy":"post_tag","embeddable":true,"href":"https:\/\/medienvielfalt.net\/index.php\/wp-json\/wp\/v2\/tags?post=1075"}],"curies":[{"name":"wp","href":"https:\/\/api.w.org\/{rel}","templated":true}]}}