{"id":1604,"date":"2022-07-01T01:08:00","date_gmt":"2022-06-30T23:08:00","guid":{"rendered":"https:\/\/medienvielfalt.net\/?p=1604"},"modified":"2022-08-16T12:34:35","modified_gmt":"2022-08-16T10:34:35","slug":"im-portrait-die-netzwerkaktivistin-fatima-maged","status":"publish","type":"post","link":"https:\/\/medienvielfalt.net\/index.php\/2022\/07\/im-portrait-die-netzwerkaktivistin-fatima-maged\/","title":{"rendered":"Im Portrait: Die Netzwerkaktivistin Fatima Maged"},"content":{"rendered":"\n<p><strong>Fatima Maged du bist BFDlerin und Redakteurin bei Radio T in Chemnitz. Welche W\u00f6rter beschreiben dich?<\/strong><\/p>\n\n\n\n<p>Laut, lachend und tollpatschig.<\/p>\n\n\n\n<p><strong>Was ist wichtig \u00fcber dich zu wissen, wenn man dich kennenlernen m\u00f6chte?<\/strong><\/p>\n\n\n\n<p>Kommunikation ist f\u00fcr mich das Wichtigste. Aber zu deiner Frage was man \u00fcber mich wissen sollte: Ich hatte eine sehr schwierige Kindheit, gezeichnet von Gewalt und auch von ganz vielen Krankenhausaufenthalten und Operationen. Das hei\u00dft nicht so eine leichte Kindheit und deswegen muss ich immer versuchen, positiv zu bleiben. Jede:r hat in seinem Leben Schei\u00dfe erfahren. Manche weniger, manche mehr. Ich geh\u00f6re leider zu den Leuten die mehr erfahren haben, aber eine Schei\u00df-Kindheit ist keine Ausrede, um ein Schei\u00df-Mensch zu sein oder halt Tr\u00fcbsal zu blasen. Ich muss sehr oft k\u00e4mpfen, um positiv zu bleiben. Gerade im letzten Jahr musste ich mir meine Positivit\u00e4t zur\u00fcck erk\u00e4mpfen.<\/p>\n\n\n\n<p><strong>Was sind Themen, die dir sehr wichtig sind?<\/strong><\/p>\n\n\n\n<p>Integration, Inklusion, Kinderrechte, Psychologie, Feminismus und Tierrechte.<\/p>\n\n\n\n<p><strong>Du hast im Juli die Redaktion SpeakL_out gegr\u00fcndet. Was f\u00fcr ein Konzept steht hinter der Sendung?<\/strong><\/p>\n\n\n\n<p>Im Diskurs \u00fcber Menschen mit Migrationshintergrund wird immer noch stark \u00fcber sie statt mit ihnen gesprochen. Migrantin:innen werden immer noch nicht genug in Themen einbezogen, die unser aller Miteinander gestalten. Was zur Folge hat, dass betroffene Personen sich nicht verstanden oder sich gar in einer Ecke gedr\u00e4ngt f\u00fchlen, was einen gerechten Austausch \u00fcber Diversit\u00e4t schwierig macht.<\/p>\n\n\n\n<p>SpeakL_out soll ein Gegenpol zu dieser Entwicklung sein. Gemeinsam wollen wir unsere Stadt diverser gestalten und Vorurteile abbauen. Wir wollen interkulturelle Vernetzung schaffen, ohne sich dabei selbst zu verleugnen.<\/p>\n\n\n\n<p><strong>Du bist Teil vom netzwerk medien.vielfalt!. Was sind da deine unterschiedlichen Rollen?<\/strong><\/p>\n\n\n\n<p>Also ich bin die Koordinatorin von &#8222;SpeakOutLoud!&#8220; in Chemnitz und ich m\u00f6chte gerne in den Verein eintreten, der sich aus dem Netzwerk heraus neu gr\u00fcndet. Im Allgemeinen finde ich es gut, dass es ein Netzwerk gibt, welches Migrant:innen zeigt, dass sie nicht alleine sind.<\/p>\n\n\n\n<p>Und warum ich jetzt Mitglied von diesem Verein werden m\u00f6chte ist, dass nat\u00fcrlich so ein Verein f\u00fcr Migrant:innen auch von Migrant:innen in irgendeiner Art und Weise gef\u00fchrt werden muss. Migrant:innen verstehen Migrant:innen besser als nicht Migrant:innen. Nicht nur die redaktionelle Ebene soll vielf\u00e4ltig sein, sondern auch die Vereinsebene, die Ebene dar\u00fcber soll divers und vielf\u00e4ltig werden. Wenn ich mit den tausenden Randgruppen in mir den verein vielf\u00e4ltiger und bunter machen kann, dann ergreife ich nat\u00fcrlich die Gelegenheit und mach das!<\/p>\n\n\n\n<p><strong>Was ist deine Meinung zur Colourful Voices und dem netzwerk medien.vielfalt! ?<\/strong><\/p>\n\n\n\n<p>Es ist etwas, was schon l\u00e4ngst h\u00e4tte passieren m\u00fcssen, auch schon vor 2020 und auch schon vor 2016! Es ist ein Netzwerk, welches es schon immer h\u00e4tte geben m\u00fcssen!<\/p>\n\n\n\n<p><strong>Was ist dein Wunsch f\u00fcr die Zukunft des Netzwerks und auch deine Zukunft im Netzwerk?<\/strong><\/p>\n\n\n\n<p>F\u00fcr das Netzwerk w\u00fcnsche ich mir mehr \u00d6ffentlichkeit. Man kommt ja nur \u00fcber Freie Radios oder \u00fcber Kontakte zu uns ins Netzwerk. Das war ja bei mir auch so. Ich w\u00fcnsche mir, dass wir pr\u00e4senter werden in der Mainstream-Medienlandschaft, dass auch konservativere Migrant:innen dieses Netzwerk finden und dadurch vielleicht ihr Gedankengut \u00f6ffnen und bunter anstreichen. Und auf mich bezogen: ich w\u00fcnsche mir, dass das Netzwerk mit meiner Arbeit zufrieden ist und ich will das Netzwerk weiter voranbringen.<\/p>\n\n\n\n<p>Zur ersten Sendung von SpeakL_out: <a href=\"https:\/\/2022.radiot-chemnitz.de\/extern\/mediathek\/10-07-2022-14Uhr.mp3\" target=\"_blank\" rel=\"noreferrer noopener\">https:\/\/2022.radiot-chemnitz.de\/extern\/mediathek\/10-07-2022-14Uhr.mp3<\/a><\/p>\n","protected":false},"excerpt":{"rendered":"<p>Fatima Maged du bist BFDlerin und Redakteurin bei Radio T in Chemnitz. Welche W\u00f6rter beschreiben dich? Laut, lachend und tollpatschig. Was ist wichtig \u00fcber dich zu wissen, wenn man dich kennenlernen m\u00f6chte? Kommunikation ist f\u00fcr mich das Wichtigste. Aber zu deiner Frage was man \u00fcber mich wissen sollte: Ich hatte eine sehr schwierige Kindheit, gezeichnet&hellip;&nbsp;<a href=\"https:\/\/medienvielfalt.net\/index.php\/2022\/07\/im-portrait-die-netzwerkaktivistin-fatima-maged\/\" rel=\"bookmark\">Weiterlesen &raquo;<span class=\"screen-reader-text\">Im Portrait: Die Netzwerkaktivistin Fatima Maged<\/span><\/a><\/p>\n","protected":false},"author":20,"featured_media":1600,"comment_status":"open","ping_status":"open","sticky":false,"template":"","format":"standard","meta":{"_cbd_carousel_blocks":"[]","neve_meta_sidebar":"","neve_meta_container":"","neve_meta_enable_content_width":"","neve_meta_content_width":0,"neve_meta_title_alignment":"","neve_meta_author_avatar":"","neve_post_elements_order":"","neve_meta_disable_header":"","neve_meta_disable_footer":"","neve_meta_disable_title":"","_themeisle_gutenberg_block_has_review":false,"footnotes":""},"categories":[14],"tags":[],"class_list":["post-1604","post","type-post","status-publish","format-standard","has-post-thumbnail","hentry","category-news"],"_links":{"self":[{"href":"https:\/\/medienvielfalt.net\/index.php\/wp-json\/wp\/v2\/posts\/1604","targetHints":{"allow":["GET"]}}],"collection":[{"href":"https:\/\/medienvielfalt.net\/index.php\/wp-json\/wp\/v2\/posts"}],"about":[{"href":"https:\/\/medienvielfalt.net\/index.php\/wp-json\/wp\/v2\/types\/post"}],"author":[{"embeddable":true,"href":"https:\/\/medienvielfalt.net\/index.php\/wp-json\/wp\/v2\/users\/20"}],"replies":[{"embeddable":true,"href":"https:\/\/medienvielfalt.net\/index.php\/wp-json\/wp\/v2\/comments?post=1604"}],"version-history":[{"count":3,"href":"https:\/\/medienvielfalt.net\/index.php\/wp-json\/wp\/v2\/posts\/1604\/revisions"}],"predecessor-version":[{"id":1645,"href":"https:\/\/medienvielfalt.net\/index.php\/wp-json\/wp\/v2\/posts\/1604\/revisions\/1645"}],"wp:featuredmedia":[{"embeddable":true,"href":"https:\/\/medienvielfalt.net\/index.php\/wp-json\/wp\/v2\/media\/1600"}],"wp:attachment":[{"href":"https:\/\/medienvielfalt.net\/index.php\/wp-json\/wp\/v2\/media?parent=1604"}],"wp:term":[{"taxonomy":"category","embeddable":true,"href":"https:\/\/medienvielfalt.net\/index.php\/wp-json\/wp\/v2\/categories?post=1604"},{"taxonomy":"post_tag","embeddable":true,"href":"https:\/\/medienvielfalt.net\/index.php\/wp-json\/wp\/v2\/tags?post=1604"}],"curies":[{"name":"wp","href":"https:\/\/api.w.org\/{rel}","templated":true}]}}