{"id":1611,"date":"2022-04-01T01:19:00","date_gmt":"2022-03-31T23:19:00","guid":{"rendered":"https:\/\/medienvielfalt.net\/?p=1611"},"modified":"2022-07-16T01:24:26","modified_gmt":"2022-07-15T23:24:26","slug":"im-portrait-die-netzwerkaktivistin-yumn","status":"publish","type":"post","link":"https:\/\/medienvielfalt.net\/index.php\/2022\/04\/im-portrait-die-netzwerkaktivistin-yumn\/","title":{"rendered":"Im Portrait: Die Netzwerkaktivistin Yumn"},"content":{"rendered":"\n<p><strong>Welche W\u00f6rter beschreiben dich?<\/strong><\/p>\n\n\n\n<p>Jung, entschlossen und zielstrebig!<\/p>\n\n\n\n<p><strong>Was ist wichtig \u00fcber dich zu wissen, wenn man dich kennenlernen m\u00f6chte?<\/strong><\/p>\n\n\n\n<p>Ich habe sehr viel Lebenserfahrung, obwohl ich so jung bin. Ich habe in 19. Jahren in vier L\u00e4ndern gelebt und ich habe auch viele verschiedene Kulturteile in mir. Mein Papa ist aus Tunesien, meine Mama ist aus Syrien und ich bin hier in Deutschland geboren. Ich habe aber auch in Syrien und in Tunesien gelebt. Bei mir ist es so, dass ich mich nicht mir einer Kultur identifizieren kann, weil ich \u00fcberall gelebt habe.<\/p>\n\n\n\n<p>Und auch bei mir Zuhause ist alles super gemischt, was Kultur angeht, weil ich mit diesen beiden Elternteilen aufgewachsen bin, die selber ihre eigene Kultur haben. Meine Familie hat dann daraus ihre eigene Kultur entwickelt. Dazu kommt, dass ich sehr extrovertiert bin und sehr viel aufnehme von anderen Menschen. Das hat meine Pers\u00f6nlichkeit gepr\u00e4gt: Ich bin sehr divers.<\/p>\n\n\n\n<p><strong>Was sind Themen, die dir sehr wichtig sind?<\/strong><\/p>\n\n\n\n<p>Feminismus, Intersektionalit\u00e4t, Migration, Flucht, Diversit\u00e4t im Allgemeinen und Gerechtigkeit auf der Welt.<\/p>\n\n\n\n<p><strong>Du bist Teil vom \u201cnetzwerk medien.vielfalt!\u201d. Was sind da deine unterschiedlichen Rollen?<\/strong><\/p>\n\n\n\n<p>Erstmal war ich einfach nur eine Redakteurin im netzwerk medien.vielfalt! Ich war Teil der Redaktion Immigration Broadcast in N\u00fcrnberg. Es war die transkulturelle Sendung in N\u00fcrnberg. Die Redaktion hat sich leider Ende 2021 aufgel\u00f6st. Aber bis dahin war ich als Redakteurin dieser Sendung dabei.<\/p>\n\n\n\n<p>Im Sommer 2021 hab ich mit meiner Kollegin Megha unseren Podcast \u201c(Not) Okay!\u201d angefangen. Da teilen wir uns die Rolle der Projektleitung und produzieren gemeinsam die verschiedenen Episoden. Ich \u00fcbernehme aber die Verbindung zum Netzwerk. In unserem Podcast geht es um psychische Gesundheit und psychische Krankheiten. Also alles was die Psyche angeht aus der Perspektive von jungen Menschen und auch aus einer Betroffenen Perspektive. Es ist ein realistischer Podcast. Und es geht uns sehr stark um Antistigmatisierung.<\/p>\n\n\n\n<p>Seit Januar 2022 bin ich die Koordinatorin f\u00fcr Sprachgruppen und interne Kommunikation im Netzwerk. Mein Job ist quasi die Kommunikation in den verschiedenen Sprachen zu vertiefen und dabei mehr Verbundenheit und gemeinsame Projekte zwischen den unterschiedlichen Redaktionen zu schaffen.<\/p>\n\n\n\n<p><strong>Was ist deine Meinung zu \u201cColourful Voices\u201d und dem \u201cnetzwerk medien.vielfalt!\u201d?<\/strong><\/p>\n\n\n\n<p>\u201cColourful Voices\u201d als Medienplattform finde ich super! Wir produzieren sehr unterschiedliche Medienbeitr\u00e4ge in den verschiedenen Redaktionen und manche \u00e4hneln sich auch irgendwie. Durch diese Plattform sieht man wie \u201ccolourful\u201d unser Netzwerk ist und auch was uns einigt.<\/p>\n\n\n\n<p>Das \u201cnetzwerk medien.vielfalt!\u201d ist f\u00fcr mich so ein gro\u00dfes und wichtiges Projekt. Wenn man dar\u00fcber nachdenkt wie viele Menschen da mitwirken, was da alles passiert und wie viele Leute das Alles auch organisieren! Bei unseren Netzwerktreffen ist alles super energetisch und super cool! Wenn man in diesem Bereich arbeitet oder teilweise auch betroffen ist, von Diskriminierung und so, und sich alleine f\u00fchlt\u2026 Wenn man dann diese Leute findet, diese Community findet, dann ist das super cool, weil man das Gef\u00fchl hat nicht mehr allein zu sein. Es gibt viele, die das Gleiche machen wie ich und die haben auch die gleichen H\u00fcrden, die gleichen Probleme, aber auch die gleichen Erfolge. Mich bereichert der Austausch zwischen uns.<\/p>\n\n\n\n<p><strong>Was ist dein Wunsch f\u00fcr die Zukunft f\u00fcr das Netzwerk?<\/strong><\/p>\n\n\n\n<p>Ich w\u00fcnsche mir echt, dass diese Energie und dieses Community-Gef\u00fchl, das wir haben, erhalten bleiben, dass unser Content offen f\u00fcr Innovationen bleibt, dass unser Content den gleichen Spirit beh\u00e4lt aber sich trotzdem weiterentwickelt!<\/p>\n","protected":false},"excerpt":{"rendered":"<p>Welche W\u00f6rter beschreiben dich? Jung, entschlossen und zielstrebig! Was ist wichtig \u00fcber dich zu wissen, wenn man dich kennenlernen m\u00f6chte? Ich habe sehr viel Lebenserfahrung, obwohl ich so jung bin. Ich habe in 19. Jahren in vier L\u00e4ndern gelebt und ich habe auch viele verschiedene Kulturteile in mir. Mein Papa ist aus Tunesien, meine Mama&hellip;&nbsp;<a href=\"https:\/\/medienvielfalt.net\/index.php\/2022\/04\/im-portrait-die-netzwerkaktivistin-yumn\/\" rel=\"bookmark\">Weiterlesen &raquo;<span class=\"screen-reader-text\">Im Portrait: Die Netzwerkaktivistin Yumn<\/span><\/a><\/p>\n","protected":false},"author":20,"featured_media":1615,"comment_status":"open","ping_status":"open","sticky":false,"template":"","format":"standard","meta":{"_cbd_carousel_blocks":"[]","neve_meta_sidebar":"","neve_meta_container":"","neve_meta_enable_content_width":"","neve_meta_content_width":0,"neve_meta_title_alignment":"","neve_meta_author_avatar":"","neve_post_elements_order":"","neve_meta_disable_header":"","neve_meta_disable_footer":"","neve_meta_disable_title":"","_themeisle_gutenberg_block_has_review":false,"footnotes":""},"categories":[14],"tags":[],"class_list":["post-1611","post","type-post","status-publish","format-standard","has-post-thumbnail","hentry","category-news"],"_links":{"self":[{"href":"https:\/\/medienvielfalt.net\/index.php\/wp-json\/wp\/v2\/posts\/1611","targetHints":{"allow":["GET"]}}],"collection":[{"href":"https:\/\/medienvielfalt.net\/index.php\/wp-json\/wp\/v2\/posts"}],"about":[{"href":"https:\/\/medienvielfalt.net\/index.php\/wp-json\/wp\/v2\/types\/post"}],"author":[{"embeddable":true,"href":"https:\/\/medienvielfalt.net\/index.php\/wp-json\/wp\/v2\/users\/20"}],"replies":[{"embeddable":true,"href":"https:\/\/medienvielfalt.net\/index.php\/wp-json\/wp\/v2\/comments?post=1611"}],"version-history":[{"count":2,"href":"https:\/\/medienvielfalt.net\/index.php\/wp-json\/wp\/v2\/posts\/1611\/revisions"}],"predecessor-version":[{"id":1616,"href":"https:\/\/medienvielfalt.net\/index.php\/wp-json\/wp\/v2\/posts\/1611\/revisions\/1616"}],"wp:featuredmedia":[{"embeddable":true,"href":"https:\/\/medienvielfalt.net\/index.php\/wp-json\/wp\/v2\/media\/1615"}],"wp:attachment":[{"href":"https:\/\/medienvielfalt.net\/index.php\/wp-json\/wp\/v2\/media?parent=1611"}],"wp:term":[{"taxonomy":"category","embeddable":true,"href":"https:\/\/medienvielfalt.net\/index.php\/wp-json\/wp\/v2\/categories?post=1611"},{"taxonomy":"post_tag","embeddable":true,"href":"https:\/\/medienvielfalt.net\/index.php\/wp-json\/wp\/v2\/tags?post=1611"}],"curies":[{"name":"wp","href":"https:\/\/api.w.org\/{rel}","templated":true}]}}