{"id":1632,"date":"2022-07-16T14:46:00","date_gmt":"2022-07-16T12:46:00","guid":{"rendered":"https:\/\/medienvielfalt.net\/?p=1632"},"modified":"2022-08-15T15:32:08","modified_gmt":"2022-08-15T13:32:08","slug":"der-redakteur-ahmet-celik-im-portrait","status":"publish","type":"post","link":"https:\/\/medienvielfalt.net\/index.php\/2022\/07\/der-redakteur-ahmet-celik-im-portrait\/","title":{"rendered":"Im Portrait: Der Redakteur Ahmet \u00c7."},"content":{"rendered":"\n<p><strong>Welche Worte beschreiben dich?<\/strong><br>&#8222;Es gibt immer eine L\u00f6sung!&#8220;<\/p>\n\n\n\n<p><strong>Was sollte man \u00fcber dich wissen, wenn man dich kennenlernen m\u00f6chte?<\/strong><br>Ich liebe Menschen und unterst\u00fctze sie gerne. Aber wenn ich merke, dass die Leute mich hintergehen, ziehe ich mich zur\u00fcck.<\/p>\n\n\n\n<p><strong>Was sind Themen, die dir wichtig sind?<br><\/strong>Generell sind mir die Menschenrechte und die Meinungsfreiheit und insbesondere die Freiheit der kurdischen Sprache und Kurdistans wichtig.<\/p>\n\n\n\n<p><strong>Du bist Teil des &#8222;netzwerk medien.viefalt!&#8220; Was sind deine verschiedenen Rollen dort?<br><\/strong>Ich bin der lokale Koordinator von Newcomer News. Wir sind das interkulturelle Redaktionsteam des Freien Radios W\u00fcste Welle in T\u00fcbingen (Baden-W\u00fcrttemberg), das Teil des netzwerks medien.vielfalt! ist.<\/p>\n\n\n\n<p>Seit ich dem Netzwerk beigetreten bin, versuche ich, viele Veranstaltungen des Netzwerks ehrenamtlich zu unterst\u00fctzen. Nicht immer, aber in der Regel organisiere ich meine eigenen Workshops im Netzwerk, versuche mich an Brainstormings zu beteiligen, biete Ideen f\u00fcr Kommunikationsprobleme an, versuche bei der Organisation zu helfen, etc. Dadurch hatte ich die Gelegenheit, die meisten Leute in diesem Netzwerk kennen zu lernen. Und ich m\u00f6chte mehr zu Schauspiel, Stimmbildung, Theater, Kino und Kommunikation beitragen.<\/p>\n\n\n\n<p><strong>Was ist deine Meinung zu &#8222;Colourful Voices&#8220; und dem &#8222;netzwerk medien.vielfalt!&#8220;?<br><\/strong>Ich sehe dieses Netzwerk von Menschen aus verschiedenen Kulturen als einen gro\u00dfen Reichtum und w\u00fcnsche mir, dass es sich weiter entwickelt.<\/p>\n\n\n\n<p><strong>Was ist dein Wunsch f\u00fcr die Zukunft des Netzwerks?<br><\/strong>Das beliebteste Thema in diesem Jahr ist die Zukunft des Netzwerks! Dabei versuchen wir, innerhalb des Netzwerks einen Medienverband von Menschen mit Migrationsgeschichte zu gr\u00fcnden. Ich denke, das ist wichtig und es ist sinnvoll, wenn wir einen &#8222;Migrant Media Verein&#8220; haben, aber auf der anderen Seite sollte diese Idee entwickelt und in ein System umgewandelt werden, an dem auch andere gute Leute im Netzwerk teilnehmen k\u00f6nnen. Wenn es nur Newcomer gibt, dann ist es nicht genug bunte Stimmen! Das Gegenteil ist auch nicht richtig. Wir k\u00f6nnen mehr in einer Weise denken, die ein interkulturelles Zusammenleben erm\u00f6glicht. Ich denke, dass es nicht einfach ist, diese sch\u00f6ne Energie einzufangen, diese Einheit ist wertvoll und dieser Wert sollte mit gro\u00dfer Sorgfalt gesch\u00fctzt und entwickelt werden. Ich glaube, unsere \u00dcbergabe-Arbeitsgruppe wird eine gute L\u00f6sung f\u00fcr die Zukunft finden.<\/p>\n\n\n\n<p>Die Menschen: Ich glaube, dass die menschlichen Beziehungen in Zukunft zum Besseren genutzt werden k\u00f6nnen. Ich stelle mir eine solche Vereinigung vor, in der die Menschen Ideen austauschen, die Menschen einander zuh\u00f6ren, der Kritiker die Methode und die Darstellung der Kritik sorgf\u00e4ltig w\u00e4hlen sollte, Probleme zwischen denen, die Probleme haben, besprochen werden, Mobbing vermieden wird, Missverst\u00e4ndnisse minimiert werden und wir gemeinsam entscheiden. Wenn trotz alledem keine L\u00f6sung gefunden wird, sollten Sie versuchen, die Beziehung auf freundschaftliche Weise zu beenden.<\/p>\n\n\n\n<p>\u00d6ffentlichkeitsarbeit: Ein weiterer Punkt ist meiner Meinung nach die Art und Weise, wie das Netzwerk seine Arbeit pr\u00e4sentiert: Kommunikation ist eines der wichtigsten Mittel f\u00fcr den Menschen. Mit den Fortschritten in der Technologie und neuen Gesch\u00e4ftsm\u00f6glichkeiten nimmt die Vielfalt der Kommunikation weiter zu. Es werden st\u00e4ndig neue Kommunikationsm\u00f6glichkeiten geschaffen, um einfacher und praktischer mit der Welt in Verbindung zu treten und eine effektive Kommunikation zu erm\u00f6glichen. In unserem Netzwerk verwenden wir jedoch haupts\u00e4chlich zwei Kommunikationsmethoden: &#8222;m\u00fcndliche und schriftliche Kommunikation&#8220;. Beispiele daf\u00fcr sind Interviews, Podcasts und schriftliche Nachrichten. Das ist nicht genug. Wir m\u00fcssen uns mehr auf die sozialen Medien konzentrieren und mehr mit anderen Gemeinschaften online oder pers\u00f6nlich zusammenarbeiten.<\/p>\n\n\n\n<p>In Zukunft sollten wir meiner Meinung nach der visuellen Kommunikation mehr Aufmerksamkeit schenken, denn dieses System wird vor allem im Marketing stark genutzt. Eine Videonachricht, ein Inhalt, ein Thema erregt mehr Aufmerksamkeit und bietet einfachere Vorschl\u00e4ge f\u00fcr die \u00dcbersetzung. Auf diese Weise k\u00f6nnen wir sowohl in den nationalen als auch in den internationalen Medien eine gr\u00f6\u00dfere Schl\u00fcsselrolle spielen. Dieses Netz, das haupts\u00e4chlich aus Radiosendern besteht, sollte uns nicht daran hindern, per Video zu senden. Bitte beachten Sie nochmals die erste Antwort auf dieses Interview.<\/p>\n","protected":false},"excerpt":{"rendered":"<p>Welche Worte beschreiben dich?&#8222;Es gibt immer eine L\u00f6sung!&#8220; Was sollte man \u00fcber dich wissen, wenn man dich kennenlernen m\u00f6chte?Ich liebe Menschen und unterst\u00fctze sie gerne. Aber wenn ich merke, dass die Leute mich hintergehen, ziehe ich mich zur\u00fcck. Was sind Themen, die dir wichtig sind?Generell sind mir die Menschenrechte und die Meinungsfreiheit und insbesondere die&hellip;&nbsp;<a href=\"https:\/\/medienvielfalt.net\/index.php\/2022\/07\/der-redakteur-ahmet-celik-im-portrait\/\" rel=\"bookmark\">Weiterlesen &raquo;<span class=\"screen-reader-text\">Im Portrait: Der Redakteur Ahmet \u00c7.<\/span><\/a><\/p>\n","protected":false},"author":20,"featured_media":1633,"comment_status":"open","ping_status":"open","sticky":false,"template":"","format":"standard","meta":{"_cbd_carousel_blocks":"[]","neve_meta_sidebar":"","neve_meta_container":"","neve_meta_enable_content_width":"","neve_meta_content_width":0,"neve_meta_title_alignment":"","neve_meta_author_avatar":"","neve_post_elements_order":"","neve_meta_disable_header":"","neve_meta_disable_footer":"","neve_meta_disable_title":"","_themeisle_gutenberg_block_has_review":false,"footnotes":""},"categories":[14],"tags":[],"class_list":["post-1632","post","type-post","status-publish","format-standard","has-post-thumbnail","hentry","category-news"],"_links":{"self":[{"href":"https:\/\/medienvielfalt.net\/index.php\/wp-json\/wp\/v2\/posts\/1632","targetHints":{"allow":["GET"]}}],"collection":[{"href":"https:\/\/medienvielfalt.net\/index.php\/wp-json\/wp\/v2\/posts"}],"about":[{"href":"https:\/\/medienvielfalt.net\/index.php\/wp-json\/wp\/v2\/types\/post"}],"author":[{"embeddable":true,"href":"https:\/\/medienvielfalt.net\/index.php\/wp-json\/wp\/v2\/users\/20"}],"replies":[{"embeddable":true,"href":"https:\/\/medienvielfalt.net\/index.php\/wp-json\/wp\/v2\/comments?post=1632"}],"version-history":[{"count":3,"href":"https:\/\/medienvielfalt.net\/index.php\/wp-json\/wp\/v2\/posts\/1632\/revisions"}],"predecessor-version":[{"id":1637,"href":"https:\/\/medienvielfalt.net\/index.php\/wp-json\/wp\/v2\/posts\/1632\/revisions\/1637"}],"wp:featuredmedia":[{"embeddable":true,"href":"https:\/\/medienvielfalt.net\/index.php\/wp-json\/wp\/v2\/media\/1633"}],"wp:attachment":[{"href":"https:\/\/medienvielfalt.net\/index.php\/wp-json\/wp\/v2\/media?parent=1632"}],"wp:term":[{"taxonomy":"category","embeddable":true,"href":"https:\/\/medienvielfalt.net\/index.php\/wp-json\/wp\/v2\/categories?post=1632"},{"taxonomy":"post_tag","embeddable":true,"href":"https:\/\/medienvielfalt.net\/index.php\/wp-json\/wp\/v2\/tags?post=1632"}],"curies":[{"name":"wp","href":"https:\/\/api.w.org\/{rel}","templated":true}]}}