{"id":1647,"date":"2022-08-29T18:03:21","date_gmt":"2022-08-29T16:03:21","guid":{"rendered":"https:\/\/medienvielfalt.net\/?p=1647"},"modified":"2022-09-01T13:39:18","modified_gmt":"2022-09-01T11:39:18","slug":"ausstellungseroeffnung-und-podiumsdiskussion","status":"publish","type":"post","link":"https:\/\/medienvielfalt.net\/index.php\/2022\/08\/ausstellungseroeffnung-und-podiumsdiskussion\/","title":{"rendered":"Nothing about us without us: Ausstellungser\u00f6ffnung und Podiumsdiskussion"},"content":{"rendered":"\n<p>\u201cDas sind keine Gefl\u00fcchteten aus dem Irak oder aus Syrien. Das sind Christen mit blauen Augen und blonden Haaren. Sie sind wie wir.\u201d War das jetzt rassistisch? Unsere Antwort lautet: Ja!<\/p>\n\n\n\n<p>Das Ankommen von ukrainischen Gefl\u00fcchteten in Westeuropa hat zu rassistischen Berichterstattungen gef\u00fchrt. Gefl\u00fcchtete aus der Ukraine wurden als Projektionsfl\u00e4che f\u00fcr rassistische und eurozentristische Ideologien genutzt. \u201cAndere\u201d Gefl\u00fcchtete scheinen im Vergleich als \u201cGefl\u00fcchtete zweiter Klasse\u201d zu gelten. Auch schon fr\u00fcher hat die deutsche Medienlandschaft eine Spaltung zwischen wei\u00dfen und uns rassifizierten BIPoC-Gefl\u00fcchteten hergestellt. Ukrainer*innen und weitere \u201ewei\u00dfe\u201c Gefl\u00fcchtete haben keine Schuld an diesem systemischen Rassismus. Sie sind willkommen hier, das sei an dieser Stelle festgehalten.<\/p>\n\n\n\n<p>Die Medien berichten in den letzten Jahren vermehrt \u00fcber rassifizierte Menschen mit Migrationshintergrund oder Fluchtgeschichte, aber gefragt werden wir nicht.&nbsp;Jetzt berichten wir selbst!<\/p>\n\n\n\n<p>Wir sind das&nbsp;<strong><a href=\"https:\/\/medienvielfalt.net\/\">netzwerk medien.vielfalt!<\/a><\/strong>, ein neues transkulturelles Netzwerk von Medienmacher*innen. Wir verbinden unterschiedliche Medienprojekte von Gefl\u00fcchteten und Migrant*innen in ganz Deutschland. Unsere Inhalte verst\u00e4rken die Stimmen von Menschen, die Diskriminierung erfahren und mit den Nachteilen leben m\u00fcssen, die es mit sich bringt, nicht als Teil der \u201cdeutschen Gesellschaft\u201c gesehen zu werden.<\/p>\n\n\n\n<p>Was hei\u00dft es, sich in mediale Debatten einzumischen und journalistisch aktiv zu sein, wenn man selbst Flucht- und Migrationserfahrung hat und von Rassismus betroffen ist?<\/p>\n\n\n\n<p>Durch unsere&nbsp;<strong>Ausstellung \u201cNothing about us without us\u201d<\/strong>&nbsp;wollen wir eine neue Perspektive in die deutsche Medienlandschaft einbringen.&nbsp;Wir berichten, was uns bewegt \u2013 und wir wollen die Debatte \u00fcber Flucht und Migration mitgestalten.<\/p>\n\n\n\n<p><strong>Die Ausstellung befasst sich mit folgenden Themen:<\/strong><\/p>\n\n\n\n<p>Wie wird \u00fcber Gefl\u00fcchtete und Migrantinnen berichtet? Wer spricht \u00fcber was und wie?<br>Warum gibt es das Netzwerk und wer ist darin aktiv? Was hei\u00dft es als Mensch mit Fluchterfahrung im Radio und in den Medien aktiv zu sein?Wie macht man Radio?<br>Wie kann man selbst aktiv werden und wo?<br>Was k\u00f6nnen Radios und Community-Medien tun?<\/p>\n\n\n\n<p>Die Ausstellung ist als Wanderausstellung konzipiert. Sie wird in N\u00fcrnberg er\u00f6ffnet und reist dann durch die ganze Bundesrepublik. Sie richtet sich sowohl an Menschen mit Flucht- und Migrationserfahrung als auch an deutsche Medienmacher*innen und Interessierte \u2013 denn wir alle konsumieren Medien. Die Texte auf den Ausstellungstafeln sind auf Deutsch. Die \u00dcberschriften sind mehrsprachig. Alle Texte der Ausstellung sind \u00fcbersetzt und stehen als extra Sprachheft zur Verf\u00fcgung. Folgende \u00dcbersetzungen gibt es:&nbsp;<strong>Englisch, Franz\u00f6sisch, Arabisch und Persisch.<\/strong><\/p>\n\n\n\n<hr class=\"wp-block-separator\"\/>\n\n\n\n<h2 class=\"wp-block-heading\">Pressekonferenz am 01.09.<\/h2>\n\n\n\n<p>Die Pressekonferenz findet um 11 Uhr in der Leonhardstr. 20A N\u00fcrnberg statt.<\/p>\n\n\n\n<p><strong>Livestream:<br><\/strong><a href=\"https:\/\/diversitymedia.info\/live\">Den Link zum Livestream findet man \u00fcber Diversity Media e.V.<\/a> oder hier:<\/p>\n\n\n\n<iframe loading=\"lazy\" width=\"560\" height=\"315\" src=\"https:\/\/www.youtube.com\/embed\/yVzDYIccp0o\" title=\"YouTube video player\" frameborder=\"0\" allow=\"accelerometer; autoplay; clipboard-write; encrypted-media; gyroscope; picture-in-picture\" allowfullscreen><\/iframe>\n\n\n\n<hr class=\"wp-block-separator\"\/>\n\n\n\n<h2 class=\"wp-block-heading\">Ausstellungser\u00f6ffnung und Podiumsdiskussion am 05.09.<\/h2>\n\n\n\n<p><strong>05.09.2022 um 19:00 Uhr Ausstellungser\u00f6ffnung: Vernissage und Podiumsdiskussion zum Thema \u201eWar das jetzt rassistisch?! Die Rolle der Medien bei der (Re-)Produktion von Alltagsrassismus\u201c mit Livestream.<\/strong><\/p>\n\n\n\n<p>Auf dem Podium diskutieren Vertreter*innen des netzwerk medien.vielfalt! und Personen aus N\u00fcrnberger Organisationen um die Wechselwirkung von Alltagsrassismus und medialer Berichterstattung. Was ist Alltagsrassismus? Wie und welche Stereotype werden von deutschen Medien (re-)produziert? Welche rassistische Berichterstattung gibt es in Deutschland und wie wirkt sich diese auf dem Alltag aus? Was macht die Berichterstattung mit Menschen, die von Rassismus und Diskriminierung betroffen sind? Diese und viele weitere Fragen, die im direkten Zusammenhang mit der Ausstellung \u201enothing about us without us\u201c stehen, werden auf dem Podium und dem Publikum diskutiert.<\/p>\n\n\n\n<p><strong>Zeitlicher Ablauf der Vernissage:<\/strong><\/p>\n\n\n\n<p>Ab 18:30 Uhr: Einlass mit Getr\u00e4nken<br>19:00 Uhr: Begr\u00fc\u00dfung und Einf\u00fchrung in die Ausstellung<br>19:30 Uhr: Er\u00f6ffnung der Ausstellung<br>20:00 Uhr: Podiumsdiskussion \u201eWar das jetzt rassistisch?!&nbsp;Die Rolle der Medien bei der (Re-)Produktion von Alltagsrassismus\u201c<\/p>\n\n\n\n<p><strong>Moderation des Abends:<br><\/strong><strong>Megha Uchil<\/strong>&nbsp;netzwerk medien.vielfalt! \/ Diversity Media e.V., Redaktion (not) okay<br><strong>Fatima Maged<\/strong>&nbsp;netzwerk medien.vielfalt! \/ Radio T Chemnitz, Redaktion SpeakL_out<\/p>\n\n\n\n<p><strong>Auf dem Podium:<br><\/strong><strong>Rufine Songu\u00e9<\/strong>&nbsp;netzwerk medien.vielfalt! \/ Radio Dreyeckland, Redaktion Our Voice \/&nbsp;Here and Black Freiburg<br><strong>Yumn Ammar<\/strong>&nbsp;netzwerk medien.vielfalt! \/ Diversity Media e.V., Redaktion (not) okay<\/p>\n\n\n\n<p><strong>Livestream:<br><\/strong><a href=\"https:\/\/diversitymedia.info\/live\">Den Link zum Livestream findet man \u00fcber Diversity Media e.V.<\/a> oder hier:<\/p>\n\n\n\n<iframe loading=\"lazy\" width=\"560\" height=\"315\" src=\"https:\/\/www.youtube.com\/embed\/qRlANEhcMj4\" title=\"YouTube video player\" frameborder=\"0\" allow=\"accelerometer; autoplay; clipboard-write; encrypted-media; gyroscope; picture-in-picture\" allowfullscreen=\"\"><\/iframe>\n\n\n\n<p>Bei Fragen wenden sie sich gerne an&nbsp;<a href=\"mailto:ausstellung@medienvielfalt.net\">ausstellung@medienvielfalt.net<\/a>&nbsp;oder an&nbsp;<a href=\"mailto:orga@diversitymedia.info\">orga@diversitymedia.info<\/a>.<\/p>\n\n\n\n<p>Mit freundlichen Gr\u00fc\u00dfen,<br>Yumn Ammar und Melissa Schulz f\u00fcr das netzwerk medien.vielfalt!<br><a href=\"http:\/\/www.medienvielfalt.net\/\">www.medienvielfalt.net<\/a><\/p>\n","protected":false},"excerpt":{"rendered":"<p>\u201cDas sind keine Gefl\u00fcchteten aus dem Irak oder aus Syrien. Das sind Christen mit blauen Augen und blonden Haaren. Sie sind wie wir.\u201d War das jetzt rassistisch? Unsere Antwort lautet: Ja! Das Ankommen von ukrainischen Gefl\u00fcchteten in Westeuropa hat zu rassistischen Berichterstattungen gef\u00fchrt. Gefl\u00fcchtete aus der Ukraine wurden als Projektionsfl\u00e4che f\u00fcr rassistische und eurozentristische Ideologien&hellip;&nbsp;<a href=\"https:\/\/medienvielfalt.net\/index.php\/2022\/08\/ausstellungseroeffnung-und-podiumsdiskussion\/\" rel=\"bookmark\">Weiterlesen &raquo;<span class=\"screen-reader-text\">Nothing about us without us: Ausstellungser\u00f6ffnung und Podiumsdiskussion<\/span><\/a><\/p>\n","protected":false},"author":6,"featured_media":1596,"comment_status":"open","ping_status":"open","sticky":false,"template":"","format":"standard","meta":{"_cbd_carousel_blocks":"[]","neve_meta_sidebar":"","neve_meta_container":"","neve_meta_enable_content_width":"","neve_meta_content_width":0,"neve_meta_title_alignment":"","neve_meta_author_avatar":"","neve_post_elements_order":"","neve_meta_disable_header":"","neve_meta_disable_footer":"","neve_meta_disable_title":"","_themeisle_gutenberg_block_has_review":false,"footnotes":""},"categories":[14],"tags":[],"class_list":["post-1647","post","type-post","status-publish","format-standard","has-post-thumbnail","hentry","category-news"],"_links":{"self":[{"href":"https:\/\/medienvielfalt.net\/index.php\/wp-json\/wp\/v2\/posts\/1647","targetHints":{"allow":["GET"]}}],"collection":[{"href":"https:\/\/medienvielfalt.net\/index.php\/wp-json\/wp\/v2\/posts"}],"about":[{"href":"https:\/\/medienvielfalt.net\/index.php\/wp-json\/wp\/v2\/types\/post"}],"author":[{"embeddable":true,"href":"https:\/\/medienvielfalt.net\/index.php\/wp-json\/wp\/v2\/users\/6"}],"replies":[{"embeddable":true,"href":"https:\/\/medienvielfalt.net\/index.php\/wp-json\/wp\/v2\/comments?post=1647"}],"version-history":[{"count":4,"href":"https:\/\/medienvielfalt.net\/index.php\/wp-json\/wp\/v2\/posts\/1647\/revisions"}],"predecessor-version":[{"id":1653,"href":"https:\/\/medienvielfalt.net\/index.php\/wp-json\/wp\/v2\/posts\/1647\/revisions\/1653"}],"wp:featuredmedia":[{"embeddable":true,"href":"https:\/\/medienvielfalt.net\/index.php\/wp-json\/wp\/v2\/media\/1596"}],"wp:attachment":[{"href":"https:\/\/medienvielfalt.net\/index.php\/wp-json\/wp\/v2\/media?parent=1647"}],"wp:term":[{"taxonomy":"category","embeddable":true,"href":"https:\/\/medienvielfalt.net\/index.php\/wp-json\/wp\/v2\/categories?post=1647"},{"taxonomy":"post_tag","embeddable":true,"href":"https:\/\/medienvielfalt.net\/index.php\/wp-json\/wp\/v2\/tags?post=1647"}],"curies":[{"name":"wp","href":"https:\/\/api.w.org\/{rel}","templated":true}]}}