{"id":1692,"date":"2024-02-14T16:17:01","date_gmt":"2024-02-14T15:17:01","guid":{"rendered":"https:\/\/medienvielfalt.net\/?p=1692"},"modified":"2024-02-14T16:28:51","modified_gmt":"2024-02-14T15:28:51","slug":"wanderausstellung-ab-23-februar-in-freudenstadt","status":"publish","type":"post","link":"https:\/\/medienvielfalt.net\/index.php\/2024\/02\/wanderausstellung-ab-23-februar-in-freudenstadt\/","title":{"rendered":"Wanderausstellung ab 23. Februar in Freudenstadt"},"content":{"rendered":"\n<p><strong>Die Wanderausstellung des netzwerks medien.vielfalt! \u201eNothing about us without us\u201c kommt nach Freudenstadt. \u201eNichts \u00fcber uns ohne uns\u201c wird am 23. Februar um 18 Uhr in der Galerie der Kreisvolkshochschule im Kreishaus in Freudenstadt er\u00f6ffnet. <\/strong><\/p>\n\n\n\n<p>Hauptthema des Er\u00f6ffnungsabends ist das Geschichten-Erz\u00e4hlen. Zur Vernissage ist Kofi Onny, ein Griot (Geschichtenerz\u00e4hler) aus Ghana, eingeladen. Mit seiner Performance l\u00e4sst er sein Publikum tief in die Ashanti-Kultur hineinblicken und bindet dabei mit Trommeln und Gesang das Publikum ein. Kofi Onny tr\u00e4gt seine Geschichten in deutscher Sprache vor. Er lebt und erz\u00e4hlt seit langem in Deutschland und ist somit sehr erfahren im kulturellen Br\u00fcckenbau. Das Angebot \u201eIns Erz\u00e4hlen zu kommen\u201c richtet sich nicht nur an Gefl\u00fcchtete und Migrant:innen, sondern genauso an Menschen, die hier geboren sind oder seit langem hier leben. Parallel zur Ausstellung bietet Freies Radio Freudenstadt in Kooperation mit der Kreisvolkshochschule w\u00f6chentlich stattfindende Aktivit\u00e4ten zum Mitmachen an.<\/p>\n\n\n\n<p>In den Wochen nach der Er\u00f6ffnung gibt es f\u00fcr Besucher:innen immer freitags ab 17 Uhr die M\u00f6glichkeit, selbst einfache Tonaufnahmen zu machen und mehr \u00fcber die Radioarbeit zu lernen. Die Brosch\u00fcre mit Beschreibungen der verschiedenen Mitmachangeboten finden Sie <a rel=\"noreferrer noopener\" href=\"https:\/\/www.radio-fds.de\/2024\/02\/06\/nothing-about-us-without-us-nichts-ueber-uns-ohne-uns\/\" target=\"_blank\"><strong>online auf der Webseite des Freien Radios Freudenstadt zum Herunterladen.<\/strong><\/a><\/p>\n\n\n\n<p>Zur Er\u00f6ffnung der Ausstellung \u201eNothing about us without us\u201c am 23. Februar um 18 Uhr im Kreishaus, Landhausstra\u00dfe 4 in Freudenstadt sind alle Interessierten herzlich eingeladen. Die Ausstellung kann zu den regul\u00e4ren \u00d6ffnungszeiten des Kreishauses bis 19. April besucht werden.<\/p>\n\n\n\n<p>Mehr Infos zur Ausstellung und der Wanderung finden sich <a href=\"https:\/\/medienvielfalt.net\/index.php\/ausstellung\/\" data-type=\"page\" data-id=\"1035\"><strong>auch hier.<\/strong><\/a><\/p>\n","protected":false},"excerpt":{"rendered":"<p>Die Wanderausstellung des netzwerks medien.vielfalt! \u201eNothing about us without us\u201c kommt nach Freudenstadt. \u201eNichts \u00fcber uns ohne uns\u201c wird am 23. Februar um 18 Uhr in der Galerie der Kreisvolkshochschule im Kreishaus in Freudenstadt er\u00f6ffnet. Hauptthema des Er\u00f6ffnungsabends ist das Geschichten-Erz\u00e4hlen. Zur Vernissage ist Kofi Onny, ein Griot (Geschichtenerz\u00e4hler) aus Ghana, eingeladen. Mit seiner Performance&hellip;&nbsp;<a href=\"https:\/\/medienvielfalt.net\/index.php\/2024\/02\/wanderausstellung-ab-23-februar-in-freudenstadt\/\" rel=\"bookmark\">Weiterlesen &raquo;<span class=\"screen-reader-text\">Wanderausstellung ab 23. Februar in Freudenstadt<\/span><\/a><\/p>\n","protected":false},"author":1,"featured_media":1693,"comment_status":"open","ping_status":"open","sticky":false,"template":"","format":"standard","meta":{"_cbd_carousel_blocks":"[]","neve_meta_sidebar":"","neve_meta_container":"","neve_meta_enable_content_width":"","neve_meta_content_width":0,"neve_meta_title_alignment":"","neve_meta_author_avatar":"","neve_post_elements_order":"","neve_meta_disable_header":"","neve_meta_disable_footer":"","neve_meta_disable_title":"","_themeisle_gutenberg_block_has_review":false,"footnotes":""},"categories":[1],"tags":[],"class_list":["post-1692","post","type-post","status-publish","format-standard","has-post-thumbnail","hentry","category-allgemein"],"_links":{"self":[{"href":"https:\/\/medienvielfalt.net\/index.php\/wp-json\/wp\/v2\/posts\/1692","targetHints":{"allow":["GET"]}}],"collection":[{"href":"https:\/\/medienvielfalt.net\/index.php\/wp-json\/wp\/v2\/posts"}],"about":[{"href":"https:\/\/medienvielfalt.net\/index.php\/wp-json\/wp\/v2\/types\/post"}],"author":[{"embeddable":true,"href":"https:\/\/medienvielfalt.net\/index.php\/wp-json\/wp\/v2\/users\/1"}],"replies":[{"embeddable":true,"href":"https:\/\/medienvielfalt.net\/index.php\/wp-json\/wp\/v2\/comments?post=1692"}],"version-history":[{"count":3,"href":"https:\/\/medienvielfalt.net\/index.php\/wp-json\/wp\/v2\/posts\/1692\/revisions"}],"predecessor-version":[{"id":1700,"href":"https:\/\/medienvielfalt.net\/index.php\/wp-json\/wp\/v2\/posts\/1692\/revisions\/1700"}],"wp:featuredmedia":[{"embeddable":true,"href":"https:\/\/medienvielfalt.net\/index.php\/wp-json\/wp\/v2\/media\/1693"}],"wp:attachment":[{"href":"https:\/\/medienvielfalt.net\/index.php\/wp-json\/wp\/v2\/media?parent=1692"}],"wp:term":[{"taxonomy":"category","embeddable":true,"href":"https:\/\/medienvielfalt.net\/index.php\/wp-json\/wp\/v2\/categories?post=1692"},{"taxonomy":"post_tag","embeddable":true,"href":"https:\/\/medienvielfalt.net\/index.php\/wp-json\/wp\/v2\/tags?post=1692"}],"curies":[{"name":"wp","href":"https:\/\/api.w.org\/{rel}","templated":true}]}}