{"id":1702,"date":"2024-04-11T13:05:45","date_gmt":"2024-04-11T11:05:45","guid":{"rendered":"https:\/\/medienvielfalt.net\/?p=1702"},"modified":"2024-04-11T13:16:23","modified_gmt":"2024-04-11T11:16:23","slug":"interkulturelle-trachtenshow-in-freudenstadt","status":"publish","type":"post","link":"https:\/\/medienvielfalt.net\/index.php\/2024\/04\/interkulturelle-trachtenshow-in-freudenstadt\/","title":{"rendered":"Interkulturelle Trachtenshow in Freudenstadt"},"content":{"rendered":"\n<p><strong>Zum Abschluss der Ausstellung \u201eNothing about us without us\u201c, organisiert Freies Radio Freudenstadt zusammen mit Our Voice &#8211; die Gefl\u00fcchteten-Redaktion von Radio Dreyeckland in Freiburg &#8211; und dem Jugendzentrum F23 eine interkulturelle Trachtenshow am Freitag, den 19. April.<\/strong><\/p>\n\n\n\n<p>Alle sind herzlich eingeladen, in die Welt traditioneller Kleidung aus verschiedenen L\u00e4ndern einzutauchen und die Geschichten und Traditionen, die sie verk\u00f6rpern, zu erleben. Besucher haben die M\u00f6glichkeit, Einblicke in diverse Kulturen zu gewinnen. Das Jugendzentrum in der Forststra\u00dfe 23 bietet die perfekte Kulisse f\u00fcr diesen kulturellen Austausch und die Begegnung mit anderen. Ein Abend voller musikalischer Kl\u00e4nge und kultureller Vielfalt erwartet die Besucher ab 18 Uhr.<\/p>\n\n\n\n<p>Die Veranstaltung bildet den harmonischen Abschluss der Ausstellung \u201eNothing about us without us\u201c vom Netzwerk medien.vielfalt!, die seit dem 23. Februar im Kreishaus Freudenstadt zu sehen ist.<\/p>\n\n\n\n<hr class=\"wp-block-separator has-alpha-channel-opacity\"\/>\n\n\n\n<div class=\"wp-block-columns alignwide are-vertically-aligned-center is-layout-flex wp-container-core-columns-is-layout-9d6595d7 wp-block-columns-is-layout-flex\">\n<div class=\"wp-block-column is-vertically-aligned-center is-layout-flow wp-block-column-is-layout-flow\">\n<p style=\"line-height:2\"><strong>Ort:<\/strong><br><strong>F23 Jugend Kultur Kids<\/strong> ::<br><a href=\"https:\/\/maps.app.goo.gl\/DVfGdFuWXKsCJFS27\" target=\"_blank\" rel=\"noreferrer noopener\">Forststra\u00dfe 23, 72250 Freudenstadt<\/a><\/p>\n<\/div>\n\n\n\n<div class=\"wp-block-column is-vertically-aligned-center is-layout-flow wp-block-column-is-layout-flow\">\n<p class=\"ticss-b6be17b6\" style=\"line-height:2\"><strong>Datum:<\/strong><br>Freitag, 19. April 2024 :: ab 18 Uhr<\/p>\n<\/div>\n\n\n\n<div class=\"wp-block-column is-vertically-aligned-center is-layout-flow wp-block-column-is-layout-flow\">\n<div class=\"wp-block-buttons is-layout-flex wp-block-buttons-is-layout-flex\">\n<div class=\"wp-block-button has-custom-width wp-block-button__width-100 is-style-default\"><a class=\"wp-block-button__link has-nv-site-bg-color has-text-color has-background wp-element-button\" href=\"https:\/\/www.f23-fds.de\/index.php\/f23-kalender\/freies-radio-freudenstadt-interkulturelle-trachtenshow-eine-reise-durch-die-welt-der-traditionellen-kleidung\/2024-04-19-18-00\" style=\"background-color:#f04967\" target=\"_blank\" rel=\"noreferrer noopener\">zur veranstaltung<\/a><\/div>\n<\/div>\n<\/div>\n<\/div>\n","protected":false},"excerpt":{"rendered":"<p>Zum Abschluss der Ausstellung \u201eNothing about us without us\u201c, organisiert Freies Radio Freudenstadt zusammen mit Our Voice &#8211; die Gefl\u00fcchteten-Redaktion von Radio Dreyeckland in Freiburg &#8211; und dem Jugendzentrum F23 eine interkulturelle Trachtenshow am Freitag, den 19. April. Alle sind herzlich eingeladen, in die Welt traditioneller Kleidung aus verschiedenen L\u00e4ndern einzutauchen und die Geschichten und&hellip;&nbsp;<a href=\"https:\/\/medienvielfalt.net\/index.php\/2024\/04\/interkulturelle-trachtenshow-in-freudenstadt\/\" rel=\"bookmark\">Weiterlesen &raquo;<span class=\"screen-reader-text\">Interkulturelle Trachtenshow in Freudenstadt<\/span><\/a><\/p>\n","protected":false},"author":1,"featured_media":1693,"comment_status":"open","ping_status":"open","sticky":false,"template":"","format":"standard","meta":{"_cbd_carousel_blocks":"[]","neve_meta_sidebar":"","neve_meta_container":"","neve_meta_enable_content_width":"","neve_meta_content_width":0,"neve_meta_title_alignment":"","neve_meta_author_avatar":"","neve_post_elements_order":"","neve_meta_disable_header":"","neve_meta_disable_footer":"","neve_meta_disable_title":"","_themeisle_gutenberg_block_has_review":false,"footnotes":""},"categories":[1],"tags":[],"class_list":["post-1702","post","type-post","status-publish","format-standard","has-post-thumbnail","hentry","category-allgemein"],"_links":{"self":[{"href":"https:\/\/medienvielfalt.net\/index.php\/wp-json\/wp\/v2\/posts\/1702","targetHints":{"allow":["GET"]}}],"collection":[{"href":"https:\/\/medienvielfalt.net\/index.php\/wp-json\/wp\/v2\/posts"}],"about":[{"href":"https:\/\/medienvielfalt.net\/index.php\/wp-json\/wp\/v2\/types\/post"}],"author":[{"embeddable":true,"href":"https:\/\/medienvielfalt.net\/index.php\/wp-json\/wp\/v2\/users\/1"}],"replies":[{"embeddable":true,"href":"https:\/\/medienvielfalt.net\/index.php\/wp-json\/wp\/v2\/comments?post=1702"}],"version-history":[{"count":6,"href":"https:\/\/medienvielfalt.net\/index.php\/wp-json\/wp\/v2\/posts\/1702\/revisions"}],"predecessor-version":[{"id":1711,"href":"https:\/\/medienvielfalt.net\/index.php\/wp-json\/wp\/v2\/posts\/1702\/revisions\/1711"}],"wp:featuredmedia":[{"embeddable":true,"href":"https:\/\/medienvielfalt.net\/index.php\/wp-json\/wp\/v2\/media\/1693"}],"wp:attachment":[{"href":"https:\/\/medienvielfalt.net\/index.php\/wp-json\/wp\/v2\/media?parent=1702"}],"wp:term":[{"taxonomy":"category","embeddable":true,"href":"https:\/\/medienvielfalt.net\/index.php\/wp-json\/wp\/v2\/categories?post=1702"},{"taxonomy":"post_tag","embeddable":true,"href":"https:\/\/medienvielfalt.net\/index.php\/wp-json\/wp\/v2\/tags?post=1702"}],"curies":[{"name":"wp","href":"https:\/\/api.w.org\/{rel}","templated":true}]}}