{"id":845,"date":"2021-03-27T14:35:57","date_gmt":"2021-03-27T13:35:57","guid":{"rendered":"https:\/\/medienvielfalt.net\/?p=845"},"modified":"2022-03-14T14:31:16","modified_gmt":"2022-03-14T13:31:16","slug":"drittes-statement","status":"publish","type":"post","link":"https:\/\/medienvielfalt.net\/index.php\/2021\/03\/drittes-statement\/","title":{"rendered":"Weltweite Pandemie \u2013 es braucht einen Abschiebestopp!"},"content":{"rendered":"\n<p><strong>Der Fall der Sch\u00fclerin Katia Kheder und ihrer Familie<\/strong><\/p>\n\n\n\n<p>In der Nacht vom 23. auf den 24. M\u00e4rz 2021 wurde die Sch\u00fclerin Katia Kheder und ihre Familie aus Wolfhagen bei Kassel abgeschoben. Katia wollte bald ihren Realschulabschluss machen und im August ihre Ausbildung als Altenpflegerin beginnen. Der Ausbildungsvertrag war bereits abgeschlossen. Katia lebte seit drei Jahren in Deutschland. [1] Sie und ihre Familie sind vor dem Krieg in Syrien geflohen. Auf ihrer Flucht sind sie \u00fcber Bulgarien nach Europa eingereist. Damit ist laut der Dublin-Verordnung Bulgarien \u201ezust\u00e4ndig&#8220; und dorthin wurden Katia und ihre Familie nun abgeschoben.<\/p>\n\n\n\n<p>Die deutsche Abschiebepraxis und das Dublin-System sind traumatisierend und grausam:<\/p>\n\n\n\n<p>&#8211; Katia und ihre Familie wurden unter Zwang in ein anderes EU-Land verbracht.<\/p>\n\n\n\n<p>&#8211; Katia und ihre Familie wurden mit Gewalt aus ihrem Umfeld gerissen.<\/p>\n\n\n\n<p>&#8211; In Bulgarien, wohin die syrische Familie abgeschoben wurde, kann der Familie Haft drohen. [2]<\/p>\n\n\n\n<p>&#8211; Die Familie erwartet in Bulgarien Perspektivlosigkeit und Unsicherheit.<\/p>\n\n\n\n<p>&#8211; Bulgarien ist sehr stark von COVID-19 betroffen.<\/p>\n\n\n\n<p>&#8211; Die Sch\u00fcler*innen der Walter-L\u00fcbcke-Schule verlieren eine Freundin.<\/p>\n\n\n\n<p>Es ist ein Skandal, dass in Zeiten der Verbreitung des neuartigen Corona-Virus die deutsche Politik weiterhin ununterbrochen abschiebt. Wir unterst\u00fctzen die Sch\u00fcler:innenvertretung der Walter-L\u00fcbcke-Schule in Wolfhagen in ihrem \u00f6ffentlichen Protest. Das rassistische und menschenrechtsverachtende Verhalten der deutschen Beh\u00f6rden muss ein Ende haben! F\u00fcr einen sofortigen Abschiebestopp bundesweit! Katia Kheder und ihrer Familie muss die sofortige R\u00fcckreise nach Deutschland erm\u00f6glicht werden!<\/p>\n\n\n\n<p>[1] <a href=\"https:\/\/walter-luebcke-schule.de\/die-schulgemeinde-protestiert-gegen-die-abschiebung-der-schuelerin-katia-kheder\/\" target=\"_blank\" rel=\"noreferrer noopener\"><u><\/u><\/a><a>https:\/\/walter-luebcke-schule.de\/die-schulgemeinde-protestiert-gegen-die-abschiebung-der-schuelerin-katia-kheder\/<\/a><\/p>\n\n\n\n<p>[2] <a rel=\"noreferrer noopener\" href=\"https:\/\/bordermonitoring.eu\/category\/bulgarien\/\" target=\"_blank\">https:\/\/bordermonitoring.eu\/category\/bulgarien\/<\/a><\/p>\n\n\n\n<p>Bildnachweis: &#8222;<a rel=\"noreferrer noopener\" href=\"http:\/\/cutt.ly\/TxH4By3\" target=\"_blank\">Stop deportations to Afghanistan now!<\/a>&#8220; by Rasande Tyskar is licensed under a Creative Commons license: <a href=\"http:\/\/cutt.ly\/TxJqqnC\" data-type=\"URL\" data-id=\"cutt.ly\/TxJqqnC\" target=\"_blank\" rel=\"noreferrer noopener\">CC BY-NC 2.0<\/a><\/p>\n","protected":false},"excerpt":{"rendered":"<p>Der Fall der Sch\u00fclerin Katia Kheder und ihrer Familie In der Nacht vom 23. auf den 24. M\u00e4rz 2021 wurde die Sch\u00fclerin Katia Kheder und ihre Familie aus Wolfhagen bei Kassel abgeschoben. Katia wollte bald ihren Realschulabschluss machen und im August ihre Ausbildung als Altenpflegerin beginnen. Der Ausbildungsvertrag war bereits abgeschlossen. Katia lebte seit drei&hellip;&nbsp;<a href=\"https:\/\/medienvielfalt.net\/index.php\/2021\/03\/drittes-statement\/\" rel=\"bookmark\">Weiterlesen &raquo;<span class=\"screen-reader-text\">Weltweite Pandemie \u2013 es braucht einen Abschiebestopp!<\/span><\/a><\/p>\n","protected":false},"author":6,"featured_media":850,"comment_status":"open","ping_status":"open","sticky":false,"template":"","format":"standard","meta":{"_cbd_carousel_blocks":"[]","neve_meta_sidebar":"","neve_meta_container":"","neve_meta_enable_content_width":"","neve_meta_content_width":0,"neve_meta_title_alignment":"","neve_meta_author_avatar":"","neve_post_elements_order":"","neve_meta_disable_header":"","neve_meta_disable_footer":"","neve_meta_disable_title":"","_themeisle_gutenberg_block_has_review":false,"footnotes":""},"categories":[14],"tags":[],"class_list":["post-845","post","type-post","status-publish","format-standard","has-post-thumbnail","hentry","category-news"],"_links":{"self":[{"href":"https:\/\/medienvielfalt.net\/index.php\/wp-json\/wp\/v2\/posts\/845","targetHints":{"allow":["GET"]}}],"collection":[{"href":"https:\/\/medienvielfalt.net\/index.php\/wp-json\/wp\/v2\/posts"}],"about":[{"href":"https:\/\/medienvielfalt.net\/index.php\/wp-json\/wp\/v2\/types\/post"}],"author":[{"embeddable":true,"href":"https:\/\/medienvielfalt.net\/index.php\/wp-json\/wp\/v2\/users\/6"}],"replies":[{"embeddable":true,"href":"https:\/\/medienvielfalt.net\/index.php\/wp-json\/wp\/v2\/comments?post=845"}],"version-history":[{"count":2,"href":"https:\/\/medienvielfalt.net\/index.php\/wp-json\/wp\/v2\/posts\/845\/revisions"}],"predecessor-version":[{"id":851,"href":"https:\/\/medienvielfalt.net\/index.php\/wp-json\/wp\/v2\/posts\/845\/revisions\/851"}],"wp:featuredmedia":[{"embeddable":true,"href":"https:\/\/medienvielfalt.net\/index.php\/wp-json\/wp\/v2\/media\/850"}],"wp:attachment":[{"href":"https:\/\/medienvielfalt.net\/index.php\/wp-json\/wp\/v2\/media?parent=845"}],"wp:term":[{"taxonomy":"category","embeddable":true,"href":"https:\/\/medienvielfalt.net\/index.php\/wp-json\/wp\/v2\/categories?post=845"},{"taxonomy":"post_tag","embeddable":true,"href":"https:\/\/medienvielfalt.net\/index.php\/wp-json\/wp\/v2\/tags?post=845"}],"curies":[{"name":"wp","href":"https:\/\/api.w.org\/{rel}","templated":true}]}}