{"id":878,"date":"2021-04-23T16:48:00","date_gmt":"2021-04-23T14:48:00","guid":{"rendered":"https:\/\/medienvielfalt.net\/?p=878"},"modified":"2022-03-14T14:30:41","modified_gmt":"2022-03-14T13:30:41","slug":"online-festival-final-statement","status":"publish","type":"post","link":"https:\/\/medienvielfalt.net\/index.php\/2021\/04\/online-festival-final-statement\/","title":{"rendered":"Online-Festival Final Statement"},"content":{"rendered":"\n<figure class=\"wp-block-image size-large\"><img loading=\"lazy\" decoding=\"async\" width=\"1009\" height=\"631\" src=\"https:\/\/medienvielfalt.net\/wp-content\/uploads\/2021\/05\/ONFEST-Statement-6-1080-1-edited.png\" alt=\"\" class=\"wp-image-881\" srcset=\"https:\/\/medienvielfalt.net\/wp-content\/uploads\/2021\/05\/ONFEST-Statement-6-1080-1-edited.png 1009w, https:\/\/medienvielfalt.net\/wp-content\/uploads\/2021\/05\/ONFEST-Statement-6-1080-1-edited-300x188.png 300w, https:\/\/medienvielfalt.net\/wp-content\/uploads\/2021\/05\/ONFEST-Statement-6-1080-1-edited-768x480.png 768w\" sizes=\"auto, (max-width: 1009px) 100vw, 1009px\" \/><\/figure>\n\n\n\n<h1 class=\"wp-block-heading\">Using media for social change<\/h1>\n\n\n\n<p>Vom 20. bis zum 27. Februar fand unser erstes online Festival statt. Wir haben uns ein bisschen Zeit genommen um dar\u00fcber zu reflektieren. Zun\u00e4chst m\u00f6chten wir uns bei allen bedanken, die mitgemacht haben.<\/p>\n\n\n\n<p><strong>Mit dem Motto &#8222;Media for change&#8220; wollten wir unsere Plattform dazu nutzen, BI_PoC zusammen zu bringen, die durch unterschiedlichen Formen von Medien ihre Stimmen erheben.<\/strong> Wir m\u00f6chten dazu beizutragen, die Medienlandschaft nachhaltig zu ver\u00e4ndern und zu erweitern. Unser Ziel ist eine offene, vielf\u00e4ltige und zukunftsf\u00e4hige Gesellschaft. Das wird nur m\u00f6glich, wenn mehr BI_PoC die Geschichten gestalten.<\/p>\n\n\n\n<p><strong>Wir machen Gegen\u00f6ffentlichkeit, berichten lieber \u00fcber die Geschichten der Menschen als \u00fcber immer gleichen, vom System vorgegebenen Diskurs. Wir zeigen die Menschen, feiern BI_PoC bodies und Stimmen.<\/strong><\/p>\n\n\n\n<p>Wir m\u00f6chten uns als Plattform f\u00fcr die Expertise von BI_PoC anbieten. Daf\u00fcr wurde auch unser Netzwerk medien.vielfalt! gegr\u00fcndet . Macht gerne mit! Die Medienlandschaft und Kunst ist zu sehr von der wei\u00dfen Kultur besetzt, das k\u00f6nnen wir gemeinsam \u00e4ndern. Medien sind \u00e4u\u00dferst wirkungsm\u00e4chtig! Wir m\u00fcssen selbst die Medien wvrden!<\/p>\n\n\n\n<p>Das Festival war auch f\u00fcr uns ein Versuch, unsere Community besser kennenzulernen. Wir sind sehr von unserem Publikum und G\u00e4ste beeindruckt. Wir haben im Verlauf dieser Woche eine Menge von den Leuten gelernt, haben viel positive Energie bekommen, wir wurden empowert und inspiriert. Und daf\u00fcr bedanken wir uns sehr!<\/p>\n\n\n\n<p>Danke an Sarah (@hamam_talk), Ferat (@der_neukkoellner), Mahtab (@mahtabmahboub), Saher (@saher.iskaf), Krishan (@krishan_rajapakshe), A.E. Sadeghipour ( @awerfjil) , Reezy (@reezyreez), Judith Baumg\u00e4rtner ( @blackunrealities ), Andy B ( @andybee94 ), Our Voice ( @ourvoicerdl ), Theater X ( @theater_x ), Kenny, D-Funk (@dfunk_eerra), Estelle Ngokolo (@myprettyfam), Joy Zenz (@african_women_in_europe_) und Nadia Nassani (@migrantmomsmic) die direkt zugesagt haben und das Programm mit ihren wunderbaren Beitr\u00e4gen bereichert haben. Danke auch an alle, die an den Veranstaltungen teilgenommen oder zugeschaut haben.<\/p>\n","protected":false},"excerpt":{"rendered":"<p>Using media for social change Vom 20. bis zum 27. Februar fand unser erstes online Festival statt. Wir haben uns ein bisschen Zeit genommen um dar\u00fcber zu reflektieren. Zun\u00e4chst m\u00f6chten wir uns bei allen bedanken, die mitgemacht haben. Mit dem Motto &#8222;Media for change&#8220; wollten wir unsere Plattform dazu nutzen, BI_PoC zusammen zu bringen, die&hellip;&nbsp;<a href=\"https:\/\/medienvielfalt.net\/index.php\/2021\/04\/online-festival-final-statement\/\" rel=\"bookmark\">Weiterlesen &raquo;<span class=\"screen-reader-text\">Online-Festival Final Statement<\/span><\/a><\/p>\n","protected":false},"author":5,"featured_media":881,"comment_status":"open","ping_status":"open","sticky":false,"template":"","format":"standard","meta":{"_cbd_carousel_blocks":"[]","neve_meta_sidebar":"","neve_meta_container":"","neve_meta_enable_content_width":"","neve_meta_content_width":0,"neve_meta_title_alignment":"","neve_meta_author_avatar":"","neve_post_elements_order":"","neve_meta_disable_header":"","neve_meta_disable_footer":"","neve_meta_disable_title":"","_themeisle_gutenberg_block_has_review":false,"footnotes":""},"categories":[14],"tags":[],"class_list":["post-878","post","type-post","status-publish","format-standard","has-post-thumbnail","hentry","category-news"],"_links":{"self":[{"href":"https:\/\/medienvielfalt.net\/index.php\/wp-json\/wp\/v2\/posts\/878","targetHints":{"allow":["GET"]}}],"collection":[{"href":"https:\/\/medienvielfalt.net\/index.php\/wp-json\/wp\/v2\/posts"}],"about":[{"href":"https:\/\/medienvielfalt.net\/index.php\/wp-json\/wp\/v2\/types\/post"}],"author":[{"embeddable":true,"href":"https:\/\/medienvielfalt.net\/index.php\/wp-json\/wp\/v2\/users\/5"}],"replies":[{"embeddable":true,"href":"https:\/\/medienvielfalt.net\/index.php\/wp-json\/wp\/v2\/comments?post=878"}],"version-history":[{"count":1,"href":"https:\/\/medienvielfalt.net\/index.php\/wp-json\/wp\/v2\/posts\/878\/revisions"}],"predecessor-version":[{"id":882,"href":"https:\/\/medienvielfalt.net\/index.php\/wp-json\/wp\/v2\/posts\/878\/revisions\/882"}],"wp:featuredmedia":[{"embeddable":true,"href":"https:\/\/medienvielfalt.net\/index.php\/wp-json\/wp\/v2\/media\/881"}],"wp:attachment":[{"href":"https:\/\/medienvielfalt.net\/index.php\/wp-json\/wp\/v2\/media?parent=878"}],"wp:term":[{"taxonomy":"category","embeddable":true,"href":"https:\/\/medienvielfalt.net\/index.php\/wp-json\/wp\/v2\/categories?post=878"},{"taxonomy":"post_tag","embeddable":true,"href":"https:\/\/medienvielfalt.net\/index.php\/wp-json\/wp\/v2\/tags?post=878"}],"curies":[{"name":"wp","href":"https:\/\/api.w.org\/{rel}","templated":true}]}}